{"id":2950,"date":"2025-04-11T17:27:27","date_gmt":"2025-04-11T15:27:27","guid":{"rendered":"https:\/\/eures-granderegion.eu\/?p=2950"},"modified":"2025-04-11T17:28:28","modified_gmt":"2025-04-11T15:28:28","slug":"steuererklaerung-2025-frankreich-aber-auch-luxemburg","status":"publish","type":"post","link":"https:\/\/eures-granderegion.eu\/de\/2025\/04\/11\/steuererklaerung-2025-frankreich-aber-auch-luxemburg\/","title":{"rendered":"Steuererkl\u00e4rung 2025: Frankreich, aber auch Luxemburg!"},"content":{"rendered":"\n<p>n Frankreich hat die Kampagne zur Abgabe der Einkommensteuererkl\u00e4rung begonnen \u2026 aber das ist noch nicht alles! Wenn Sie in Luxemburg arbeiten oder Einkommen beziehen, denken Sie auch an Ihre luxemburgische Steuererkl\u00e4rung.<\/p>\n\n\n\n<p>\u27a1\ufe0f Die Steuererkl\u00e4rung f\u00fcr das Einkommen 2024 ist nun auch auf luxemburgischer Seite ge\u00f6ffnet.<\/p>\n\n\n\n<p>\ud83d\udcc4 Die Formulare sind auf unserer speziellen Seite verf\u00fcgbar.<\/p>\n\n\n\n<p>\ud83d\udc49<a href=\"https:\/\/frontaliers-grandest.eu\/accueil\/salaries\/france-luxembourg\/fiscalite\/formulaires\/luxembourg\/\" target=\"_blank\" rel=\"noreferrer noopener\">\u00a0Formulare herunterladen<\/a><\/p>\n\n\n\n<p>\ud83d\udcc5 Sie haben bis zum 31. Dezember 2025 Zeit, Ihre Erkl\u00e4rung an die luxemburgische Steuerbeh\u00f6rde zu \u00fcbermitteln.<\/p>\n\n\n\n<p>Ben\u00f6tigen Sie einen Ansto\u00df oder n\u00e4here Informationen \u00fcber die Besteuerung in Luxemburg?<\/p>\n\n\n\n<p>Treffen Sie sich hier :<\/p>\n\n\n\n<p>\ud83d\udc49\u00a0<a href=\"https:\/\/frontaliers-grandest.eu\/accueil\/salaries\/france-luxembourg\/fiscalite\/retenue-a-la-source\/\" target=\"_blank\" rel=\"noreferrer noopener\">Die Besteuerung in Luxemburg verstehen<\/a><\/p>\n\n\n\n<p>Weitere Informationen finden Sie auf der Website unseres Partners\u00a0<a href=\"https:\/\/frontaliers-grandest.eu\/de\/verfuehrungsgrad-von-unternehmen-der-neue-indikator-von-moovijob-com\/\">Frontaliers Grand Est<\/a><\/p>\n","protected":false},"excerpt":{"rendered":"<p>n Frankreich hat die Kampagne zur Abgabe der Einkommensteuererkl\u00e4rung begonnen \u2026 aber das ist noch nicht alles! Wenn Sie in Luxemburg arbeiten oder Einkommen beziehen, denken Sie auch an Ihre luxemburgische Steuererkl\u00e4rung. \u27a1\ufe0f Die Steuererkl\u00e4rung f\u00fcr das Einkommen 2024 ist nun auch auf luxemburgischer Seite ge\u00f6ffnet. \ud83d\udcc4 Die Formulare sind auf unserer speziellen Seite verf\u00fcgbar. [&hellip;]<\/p>\n","protected":false},"author":6,"featured_media":2949,"comment_status":"open","ping_status":"open","sticky":false,"template":"","format":"standard","meta":{"footnotes":""},"categories":[175],"tags":[],"territories_categories":[62,113],"class_list":["post-2950","post","type-post","status-publish","format-standard","has-post-thumbnail","hentry","category-besteuerung"],"yoast_head":"<!-- This site is optimized with the Yoast SEO plugin v24.2 - https:\/\/yoast.com\/wordpress\/plugins\/seo\/ -->\n<title>Steuererkl\u00e4rung 2025: Frankreich, aber auch Luxemburg! - Eures Grande Region<\/title>\n<meta name=\"robots\" content=\"index, follow, max-snippet:-1, max-image-preview:large, max-video-preview:-1\" \/>\n<link rel=\"canonical\" href=\"https:\/\/eures-granderegion.eu\/de\/2025\/04\/11\/steuererklaerung-2025-frankreich-aber-auch-luxemburg\/\" \/>\n<meta property=\"og:locale\" content=\"de_DE\" \/>\n<meta property=\"og:type\" content=\"article\" \/>\n<meta property=\"og:title\" content=\"Steuererkl\u00e4rung 2025: Frankreich, aber auch Luxemburg! - Eures Grande Region\" \/>\n<meta property=\"og:description\" content=\"n Frankreich hat die Kampagne zur Abgabe der Einkommensteuererkl\u00e4rung begonnen \u2026 aber das ist noch nicht alles! Wenn Sie in Luxemburg arbeiten oder Einkommen beziehen, denken Sie auch an Ihre luxemburgische Steuererkl\u00e4rung. \u27a1\ufe0f Die Steuererkl\u00e4rung f\u00fcr das Einkommen 2024 ist nun auch auf luxemburgischer Seite ge\u00f6ffnet. \ud83d\udcc4 Die Formulare sind auf unserer speziellen Seite verf\u00fcgbar. [&hellip;]\" \/>\n<meta property=\"og:url\" content=\"https:\/\/eures-granderegion.eu\/de\/2025\/04\/11\/steuererklaerung-2025-frankreich-aber-auch-luxemburg\/\" \/>\n<meta property=\"og:site_name\" content=\"Eures Grande Region\" \/>\n<meta property=\"article:publisher\" content=\"https:\/\/www.facebook.com\/EURES.GR\/\" \/>\n<meta property=\"article:published_time\" content=\"2025-04-11T15:27:27+00:00\" \/>\n<meta property=\"article:modified_time\" content=\"2025-04-11T15:28:28+00:00\" \/>\n<meta property=\"og:image\" content=\"https:\/\/eures-granderegion.eu\/wp-content\/uploads\/2025\/04\/article-declaration-fiscale-luxembourg.png\" \/>\n\t<meta property=\"og:image:width\" content=\"2944\" \/>\n\t<meta property=\"og:image:height\" content=\"1664\" \/>\n\t<meta property=\"og:image:type\" content=\"image\/png\" \/>\n<meta name=\"author\" content=\"Nadia Slila\" \/>\n<meta name=\"twitter:card\" content=\"summary_large_image\" \/>\n<meta name=\"twitter:label1\" content=\"Verfasst von\" \/>\n\t<meta name=\"twitter:data1\" content=\"Nadia Slila\" \/>\n\t<meta name=\"twitter:label2\" content=\"Gesch\u00e4tzte Lesezeit\" \/>\n\t<meta name=\"twitter:data2\" content=\"1\u00a0Minute\" \/>\n<script type=\"application\/ld+json\" class=\"yoast-schema-graph\">{\"@context\":\"https:\/\/schema.org\",\"@graph\":[{\"@type\":\"Article\",\"@id\":\"https:\/\/eures-granderegion.eu\/de\/2025\/04\/11\/steuererklaerung-2025-frankreich-aber-auch-luxemburg\/#article\",\"isPartOf\":{\"@id\":\"https:\/\/eures-granderegion.eu\/de\/2025\/04\/11\/steuererklaerung-2025-frankreich-aber-auch-luxemburg\/\"},\"author\":{\"name\":\"Nadia Slila\",\"@id\":\"https:\/\/eures-granderegion.eu\/de\/#\/schema\/person\/2209288a87753d0b9262523693fb60a8\"},\"headline\":\"Steuererkl\u00e4rung 2025: Frankreich, aber auch Luxemburg!\",\"datePublished\":\"2025-04-11T15:27:27+00:00\",\"dateModified\":\"2025-04-11T15:28:28+00:00\",\"mainEntityOfPage\":{\"@id\":\"https:\/\/eures-granderegion.eu\/de\/2025\/04\/11\/steuererklaerung-2025-frankreich-aber-auch-luxemburg\/\"},\"wordCount\":116,\"commentCount\":0,\"publisher\":{\"@id\":\"https:\/\/eures-granderegion.eu\/de\/#organization\"},\"image\":{\"@id\":\"https:\/\/eures-granderegion.eu\/de\/2025\/04\/11\/steuererklaerung-2025-frankreich-aber-auch-luxemburg\/#primaryimage\"},\"thumbnailUrl\":\"https:\/\/eures-granderegion.eu\/wp-content\/uploads\/2025\/04\/article-declaration-fiscale-luxembourg.png\",\"articleSection\":[\"Besteuerung\"],\"inLanguage\":\"de\",\"potentialAction\":[{\"@type\":\"CommentAction\",\"name\":\"Comment\",\"target\":[\"https:\/\/eures-granderegion.eu\/de\/2025\/04\/11\/steuererklaerung-2025-frankreich-aber-auch-luxemburg\/#respond\"]}]},{\"@type\":\"WebPage\",\"@id\":\"https:\/\/eures-granderegion.eu\/de\/2025\/04\/11\/steuererklaerung-2025-frankreich-aber-auch-luxemburg\/\",\"url\":\"https:\/\/eures-granderegion.eu\/de\/2025\/04\/11\/steuererklaerung-2025-frankreich-aber-auch-luxemburg\/\",\"name\":\"Steuererkl\u00e4rung 2025: Frankreich, aber auch Luxemburg! - Eures Grande Region\",\"isPartOf\":{\"@id\":\"https:\/\/eures-granderegion.eu\/de\/#website\"},\"primaryImageOfPage\":{\"@id\":\"https:\/\/eures-granderegion.eu\/de\/2025\/04\/11\/steuererklaerung-2025-frankreich-aber-auch-luxemburg\/#primaryimage\"},\"image\":{\"@id\":\"https:\/\/eures-granderegion.eu\/de\/2025\/04\/11\/steuererklaerung-2025-frankreich-aber-auch-luxemburg\/#primaryimage\"},\"thumbnailUrl\":\"https:\/\/eures-granderegion.eu\/wp-content\/uploads\/2025\/04\/article-declaration-fiscale-luxembourg.png\",\"datePublished\":\"2025-04-11T15:27:27+00:00\",\"dateModified\":\"2025-04-11T15:28:28+00:00\",\"breadcrumb\":{\"@id\":\"https:\/\/eures-granderegion.eu\/de\/2025\/04\/11\/steuererklaerung-2025-frankreich-aber-auch-luxemburg\/#breadcrumb\"},\"inLanguage\":\"de\",\"potentialAction\":[{\"@type\":\"ReadAction\",\"target\":[\"https:\/\/eures-granderegion.eu\/de\/2025\/04\/11\/steuererklaerung-2025-frankreich-aber-auch-luxemburg\/\"]}]},{\"@type\":\"ImageObject\",\"inLanguage\":\"de\",\"@id\":\"https:\/\/eures-granderegion.eu\/de\/2025\/04\/11\/steuererklaerung-2025-frankreich-aber-auch-luxemburg\/#primaryimage\",\"url\":\"https:\/\/eures-granderegion.eu\/wp-content\/uploads\/2025\/04\/article-declaration-fiscale-luxembourg.png\",\"contentUrl\":\"https:\/\/eures-granderegion.eu\/wp-content\/uploads\/2025\/04\/article-declaration-fiscale-luxembourg.png\",\"width\":2944,\"height\":1664},{\"@type\":\"BreadcrumbList\",\"@id\":\"https:\/\/eures-granderegion.eu\/de\/2025\/04\/11\/steuererklaerung-2025-frankreich-aber-auch-luxemburg\/#breadcrumb\",\"itemListElement\":[{\"@type\":\"ListItem\",\"position\":1,\"name\":\"Accueil\",\"item\":\"https:\/\/eures-granderegion.eu\/de\/\"},{\"@type\":\"ListItem\",\"position\":2,\"name\":\"Steuererkl\u00e4rung 2025: Frankreich, aber auch Luxemburg!\"}]},{\"@type\":\"WebSite\",\"@id\":\"https:\/\/eures-granderegion.eu\/de\/#website\",\"url\":\"https:\/\/eures-granderegion.eu\/de\/\",\"name\":\"EURES Grande R\u00e9gion\",\"description\":\"\",\"publisher\":{\"@id\":\"https:\/\/eures-granderegion.eu\/de\/#organization\"},\"potentialAction\":[{\"@type\":\"SearchAction\",\"target\":{\"@type\":\"EntryPoint\",\"urlTemplate\":\"https:\/\/eures-granderegion.eu\/de\/?s={search_term_string}\"},\"query-input\":{\"@type\":\"PropertyValueSpecification\",\"valueRequired\":true,\"valueName\":\"search_term_string\"}}],\"inLanguage\":\"de\"},{\"@type\":\"Organization\",\"@id\":\"https:\/\/eures-granderegion.eu\/de\/#organization\",\"name\":\"Eures Grande Region\",\"url\":\"https:\/\/eures-granderegion.eu\/de\/\",\"logo\":{\"@type\":\"ImageObject\",\"inLanguage\":\"de\",\"@id\":\"https:\/\/eures-granderegion.eu\/de\/#\/schema\/logo\/image\/\",\"url\":\"https:\/\/eures-granderegion.eu\/wp-content\/uploads\/2024\/04\/EURES-GR.png\",\"contentUrl\":\"https:\/\/eures-granderegion.eu\/wp-content\/uploads\/2024\/04\/EURES-GR.png\",\"width\":292,\"height\":161,\"caption\":\"Eures Grande Region\"},\"image\":{\"@id\":\"https:\/\/eures-granderegion.eu\/de\/#\/schema\/logo\/image\/\"},\"sameAs\":[\"https:\/\/www.facebook.com\/EURES.GR\/\",\"https:\/\/www.youtube.com\/channel\/UCKrVFYX3wJWSmZAwQ7fMZtg\",\"https:\/\/www.linkedin.com\/company\/euresgranderegion\/\"]},{\"@type\":\"Person\",\"@id\":\"https:\/\/eures-granderegion.eu\/de\/#\/schema\/person\/2209288a87753d0b9262523693fb60a8\",\"name\":\"Nadia Slila\",\"image\":{\"@type\":\"ImageObject\",\"inLanguage\":\"de\",\"@id\":\"https:\/\/eures-granderegion.eu\/de\/#\/schema\/person\/image\/\",\"url\":\"https:\/\/secure.gravatar.com\/avatar\/44177720679cd60632dcc94076683ced?s=96&d=mm&r=g\",\"contentUrl\":\"https:\/\/secure.gravatar.com\/avatar\/44177720679cd60632dcc94076683ced?s=96&d=mm&r=g\",\"caption\":\"Nadia Slila\"}}]}<\/script>\n<!-- \/ Yoast SEO plugin. -->","yoast_head_json":{"title":"Steuererkl\u00e4rung 2025: Frankreich, aber auch Luxemburg! - Eures Grande Region","robots":{"index":"index","follow":"follow","max-snippet":"max-snippet:-1","max-image-preview":"max-image-preview:large","max-video-preview":"max-video-preview:-1"},"canonical":"https:\/\/eures-granderegion.eu\/de\/2025\/04\/11\/steuererklaerung-2025-frankreich-aber-auch-luxemburg\/","og_locale":"de_DE","og_type":"article","og_title":"Steuererkl\u00e4rung 2025: Frankreich, aber auch Luxemburg! - Eures Grande Region","og_description":"n Frankreich hat die Kampagne zur Abgabe der Einkommensteuererkl\u00e4rung begonnen \u2026 aber das ist noch nicht alles! Wenn Sie in Luxemburg arbeiten oder Einkommen beziehen, denken Sie auch an Ihre luxemburgische Steuererkl\u00e4rung. \u27a1\ufe0f Die Steuererkl\u00e4rung f\u00fcr das Einkommen 2024 ist nun auch auf luxemburgischer Seite ge\u00f6ffnet. \ud83d\udcc4 Die Formulare sind auf unserer speziellen Seite verf\u00fcgbar. [&hellip;]","og_url":"https:\/\/eures-granderegion.eu\/de\/2025\/04\/11\/steuererklaerung-2025-frankreich-aber-auch-luxemburg\/","og_site_name":"Eures Grande Region","article_publisher":"https:\/\/www.facebook.com\/EURES.GR\/","article_published_time":"2025-04-11T15:27:27+00:00","article_modified_time":"2025-04-11T15:28:28+00:00","og_image":[{"width":2944,"height":1664,"url":"https:\/\/eures-granderegion.eu\/wp-content\/uploads\/2025\/04\/article-declaration-fiscale-luxembourg.png","type":"image\/png"}],"author":"Nadia Slila","twitter_card":"summary_large_image","twitter_misc":{"Verfasst von":"Nadia Slila","Gesch\u00e4tzte Lesezeit":"1\u00a0Minute"},"schema":{"@context":"https:\/\/schema.org","@graph":[{"@type":"Article","@id":"https:\/\/eures-granderegion.eu\/de\/2025\/04\/11\/steuererklaerung-2025-frankreich-aber-auch-luxemburg\/#article","isPartOf":{"@id":"https:\/\/eures-granderegion.eu\/de\/2025\/04\/11\/steuererklaerung-2025-frankreich-aber-auch-luxemburg\/"},"author":{"name":"Nadia Slila","@id":"https:\/\/eures-granderegion.eu\/de\/#\/schema\/person\/2209288a87753d0b9262523693fb60a8"},"headline":"Steuererkl\u00e4rung 2025: Frankreich, aber auch Luxemburg!","datePublished":"2025-04-11T15:27:27+00:00","dateModified":"2025-04-11T15:28:28+00:00","mainEntityOfPage":{"@id":"https:\/\/eures-granderegion.eu\/de\/2025\/04\/11\/steuererklaerung-2025-frankreich-aber-auch-luxemburg\/"},"wordCount":116,"commentCount":0,"publisher":{"@id":"https:\/\/eures-granderegion.eu\/de\/#organization"},"image":{"@id":"https:\/\/eures-granderegion.eu\/de\/2025\/04\/11\/steuererklaerung-2025-frankreich-aber-auch-luxemburg\/#primaryimage"},"thumbnailUrl":"https:\/\/eures-granderegion.eu\/wp-content\/uploads\/2025\/04\/article-declaration-fiscale-luxembourg.png","articleSection":["Besteuerung"],"inLanguage":"de","potentialAction":[{"@type":"CommentAction","name":"Comment","target":["https:\/\/eures-granderegion.eu\/de\/2025\/04\/11\/steuererklaerung-2025-frankreich-aber-auch-luxemburg\/#respond"]}]},{"@type":"WebPage","@id":"https:\/\/eures-granderegion.eu\/de\/2025\/04\/11\/steuererklaerung-2025-frankreich-aber-auch-luxemburg\/","url":"https:\/\/eures-granderegion.eu\/de\/2025\/04\/11\/steuererklaerung-2025-frankreich-aber-auch-luxemburg\/","name":"Steuererkl\u00e4rung 2025: Frankreich, aber auch Luxemburg! - Eures Grande Region","isPartOf":{"@id":"https:\/\/eures-granderegion.eu\/de\/#website"},"primaryImageOfPage":{"@id":"https:\/\/eures-granderegion.eu\/de\/2025\/04\/11\/steuererklaerung-2025-frankreich-aber-auch-luxemburg\/#primaryimage"},"image":{"@id":"https:\/\/eures-granderegion.eu\/de\/2025\/04\/11\/steuererklaerung-2025-frankreich-aber-auch-luxemburg\/#primaryimage"},"thumbnailUrl":"https:\/\/eures-granderegion.eu\/wp-content\/uploads\/2025\/04\/article-declaration-fiscale-luxembourg.png","datePublished":"2025-04-11T15:27:27+00:00","dateModified":"2025-04-11T15:28:28+00:00","breadcrumb":{"@id":"https:\/\/eures-granderegion.eu\/de\/2025\/04\/11\/steuererklaerung-2025-frankreich-aber-auch-luxemburg\/#breadcrumb"},"inLanguage":"de","potentialAction":[{"@type":"ReadAction","target":["https:\/\/eures-granderegion.eu\/de\/2025\/04\/11\/steuererklaerung-2025-frankreich-aber-auch-luxemburg\/"]}]},{"@type":"ImageObject","inLanguage":"de","@id":"https:\/\/eures-granderegion.eu\/de\/2025\/04\/11\/steuererklaerung-2025-frankreich-aber-auch-luxemburg\/#primaryimage","url":"https:\/\/eures-granderegion.eu\/wp-content\/uploads\/2025\/04\/article-declaration-fiscale-luxembourg.png","contentUrl":"https:\/\/eures-granderegion.eu\/wp-content\/uploads\/2025\/04\/article-declaration-fiscale-luxembourg.png","width":2944,"height":1664},{"@type":"BreadcrumbList","@id":"https:\/\/eures-granderegion.eu\/de\/2025\/04\/11\/steuererklaerung-2025-frankreich-aber-auch-luxemburg\/#breadcrumb","itemListElement":[{"@type":"ListItem","position":1,"name":"Accueil","item":"https:\/\/eures-granderegion.eu\/de\/"},{"@type":"ListItem","position":2,"name":"Steuererkl\u00e4rung 2025: Frankreich, aber auch Luxemburg!"}]},{"@type":"WebSite","@id":"https:\/\/eures-granderegion.eu\/de\/#website","url":"https:\/\/eures-granderegion.eu\/de\/","name":"EURES Grande R\u00e9gion","description":"","publisher":{"@id":"https:\/\/eures-granderegion.eu\/de\/#organization"},"potentialAction":[{"@type":"SearchAction","target":{"@type":"EntryPoint","urlTemplate":"https:\/\/eures-granderegion.eu\/de\/?s={search_term_string}"},"query-input":{"@type":"PropertyValueSpecification","valueRequired":true,"valueName":"search_term_string"}}],"inLanguage":"de"},{"@type":"Organization","@id":"https:\/\/eures-granderegion.eu\/de\/#organization","name":"Eures Grande Region","url":"https:\/\/eures-granderegion.eu\/de\/","logo":{"@type":"ImageObject","inLanguage":"de","@id":"https:\/\/eures-granderegion.eu\/de\/#\/schema\/logo\/image\/","url":"https:\/\/eures-granderegion.eu\/wp-content\/uploads\/2024\/04\/EURES-GR.png","contentUrl":"https:\/\/eures-granderegion.eu\/wp-content\/uploads\/2024\/04\/EURES-GR.png","width":292,"height":161,"caption":"Eures Grande Region"},"image":{"@id":"https:\/\/eures-granderegion.eu\/de\/#\/schema\/logo\/image\/"},"sameAs":["https:\/\/www.facebook.com\/EURES.GR\/","https:\/\/www.youtube.com\/channel\/UCKrVFYX3wJWSmZAwQ7fMZtg","https:\/\/www.linkedin.com\/company\/euresgranderegion\/"]},{"@type":"Person","@id":"https:\/\/eures-granderegion.eu\/de\/#\/schema\/person\/2209288a87753d0b9262523693fb60a8","name":"Nadia Slila","image":{"@type":"ImageObject","inLanguage":"de","@id":"https:\/\/eures-granderegion.eu\/de\/#\/schema\/person\/image\/","url":"https:\/\/secure.gravatar.com\/avatar\/44177720679cd60632dcc94076683ced?s=96&d=mm&r=g","contentUrl":"https:\/\/secure.gravatar.com\/avatar\/44177720679cd60632dcc94076683ced?s=96&d=mm&r=g","caption":"Nadia Slila"}}]}},"_links":{"self":[{"href":"https:\/\/eures-granderegion.eu\/de\/wp-json\/wp\/v2\/posts\/2950","targetHints":{"allow":["GET"]}}],"collection":[{"href":"https:\/\/eures-granderegion.eu\/de\/wp-json\/wp\/v2\/posts"}],"about":[{"href":"https:\/\/eures-granderegion.eu\/de\/wp-json\/wp\/v2\/types\/post"}],"author":[{"embeddable":true,"href":"https:\/\/eures-granderegion.eu\/de\/wp-json\/wp\/v2\/users\/6"}],"replies":[{"embeddable":true,"href":"https:\/\/eures-granderegion.eu\/de\/wp-json\/wp\/v2\/comments?post=2950"}],"version-history":[{"count":3,"href":"https:\/\/eures-granderegion.eu\/de\/wp-json\/wp\/v2\/posts\/2950\/revisions"}],"predecessor-version":[{"id":2953,"href":"https:\/\/eures-granderegion.eu\/de\/wp-json\/wp\/v2\/posts\/2950\/revisions\/2953"}],"wp:featuredmedia":[{"embeddable":true,"href":"https:\/\/eures-granderegion.eu\/de\/wp-json\/wp\/v2\/media\/2949"}],"wp:attachment":[{"href":"https:\/\/eures-granderegion.eu\/de\/wp-json\/wp\/v2\/media?parent=2950"}],"wp:term":[{"taxonomy":"category","embeddable":true,"href":"https:\/\/eures-granderegion.eu\/de\/wp-json\/wp\/v2\/categories?post=2950"},{"taxonomy":"post_tag","embeddable":true,"href":"https:\/\/eures-granderegion.eu\/de\/wp-json\/wp\/v2\/tags?post=2950"},{"taxonomy":"egr_territories_categories","embeddable":true,"href":"https:\/\/eures-granderegion.eu\/de\/wp-json\/wp\/v2\/territories_categories?post=2950"}],"curies":[{"name":"wp","href":"https:\/\/api.w.org\/{rel}","templated":true}]}}