{"id":5632,"date":"2026-07-31T10:46:02","date_gmt":"2026-07-31T08:46:02","guid":{"rendered":"https:\/\/eures-granderegion.eu\/?p=5632"},"modified":"2026-08-28T10:52:04","modified_gmt":"2026-08-28T08:52:04","slug":"starke-hitze-am-arbeitsplatz-welche-pflichten-hat-ihr-arbeitgeber","status":"publish","type":"post","link":"https:\/\/eures-granderegion.eu\/de\/2026\/07\/31\/starke-hitze-am-arbeitsplatz-welche-pflichten-hat-ihr-arbeitgeber\/","title":{"rendered":"Starke Hitze am Arbeitsplatz: Welche Pflichten hat Ihr Arbeitgeber?"},"content":{"rendered":"\n<p>Mit Beginn des Sommers k\u00f6nnen Hitzeperioden die Arbeit besonders belastend machen \u2013 sowohl im Freien als auch in unzureichend bel\u00fcfteten R\u00e4umen. <strong>In Europa ist Ihr Arbeitgeber verpflichtet, Ihre Gesundheit und Sicherheit zu sch\u00fctzen, auch vor den mit Hitze verbundenen Risiken.<\/strong> Die konkreten Ma\u00dfnahmen h\u00e4ngen jedoch von Ihrem Besch\u00e4ftigungsland ab: Das sollten Grenzg\u00e4nger vor den n\u00e4chsten Hitzewellen wissen.<\/p>\n\n\n\n<div class=\"wp-block-egr-plugin-infos-block\"><div class=\"infos-block__container\" style=\"background-color:#49a0e5\"><p class=\"infos-block__content\"><strong>\ud83d\udccc Das Wichtigste auf einen Blick:<\/strong><br><strong>Die Rahmenrichtlinie 89\/391\/EWG verpflichtet jeden europ\u00e4ischen Arbeitgeber, die Sicherheit und Gesundheit der Besch\u00e4ftigten zu gew\u00e4hrleisten \u2013 einschlie\u00dflich des Schutzes vor thermischen Risiken.<\/strong><br><strong>Die konkreten Pr\u00e4ventionsma\u00dfnahmen unterscheiden sich je nach Besch\u00e4ftigungsland: Informieren Sie sich \u00fcber die f\u00fcr Sie geltenden Vorschriften.<\/strong><br><strong>\ud83c\uddeb\ud83c\uddf7 Frankreich: Das Dekret Nr. 2025-482 sieht seit dem 1. Juli 2025 besondere Pflichten vor, die sich nach den Warnstufen von M\u00e9t\u00e9o-France richten.<\/strong><br><strong>Angepasste Arbeitszeiten, regelm\u00e4\u00dfige Pausen und kostenloses Trinkwasser geh\u00f6ren zu den vorgesehenen Ma\u00dfnahmen.<\/strong><br><strong>Pers\u00f6nliche Schutzausr\u00fcstung (PSA) bleibt auch bei gro\u00dfer Hitze verpflichtend.<\/strong><\/p><\/div><\/div>\n\n\n\n<div class=\"wp-block-eures-plugin-accordion-block\"><div class=\"accordion-top\"><p class=\"accordion-title\">Europa: Ein gemeinsamer Schutzrahmen<\/p><svg viewBox=\"0 0 24 24\" stroke-width=\"1.5\" fill=\"none\" xmlns=\"http:\/\/www.w3.org\/2000\/svg\" class=\"accordion-top__icon\"><path d=\"M3 12L21 12M21 12L12.5 3.5M21 12L12.5 20.5\" stroke-width=\"1.5\" stroke-linecap=\"round\" stroke-linejoin=\"round\"><\/path><\/svg><\/div><div class=\"accordion-content\">\n<p>Auf europ\u00e4ischer Ebene verpflichtet die <strong>Rahmenrichtlinie 89\/391\/EWG vom 12. Juni 1989<\/strong> jeden Arbeitgeber, die erforderlichen Ma\u00dfnahmen zum Schutz der Sicherheit und Gesundheit der Besch\u00e4ftigten zu ergreifen. Diese allgemeine Verpflichtung gilt auch f\u00fcr <strong>thermische Risiken<\/strong>.<\/p>\n\n\n\n<p>Die konkreten Pr\u00e4ventionsma\u00dfnahmen unterscheiden sich jedoch je nach nationaler Gesetzgebung. Grenzg\u00e4nger sollten sich daher \u00fcber die <strong>im Besch\u00e4ftigungsland geltenden Vorschriften<\/strong> informieren.<\/p>\n<\/div><\/div>\n\n\n\n<div class=\"wp-block-eures-plugin-accordion-block\"><div class=\"accordion-top\"><p class=\"accordion-title\">Frankreich: Ein spezielles Dekret f\u00fcr extreme Hitzeperioden<\/p><svg viewBox=\"0 0 24 24\" stroke-width=\"1.5\" fill=\"none\" xmlns=\"http:\/\/www.w3.org\/2000\/svg\" class=\"accordion-top__icon\"><path d=\"M3 12L21 12M21 12L12.5 3.5M21 12L12.5 20.5\" stroke-width=\"1.5\" stroke-linecap=\"round\" stroke-linejoin=\"round\"><\/path><\/svg><\/div><div class=\"accordion-content\">\n<p>Mehrere L\u00e4nder haben ihre nationalen Vorschriften in den vergangenen Jahren versch\u00e4rft. In Frankreich sieht das <strong>Dekret Nr. 2025-482 vom 27. Mai 2025<\/strong>, das seit dem <strong>1. Juli 2025<\/strong> gilt, besondere Pflichten bei intensiven Hitzeperioden vor. Diese richten sich nach den <strong>Warnstufen von M\u00e9t\u00e9o-France<\/strong>.<\/p>\n<\/div><\/div>\n\n\n\n<div class=\"wp-block-eures-plugin-accordion-block\"><div class=\"accordion-top\"><p class=\"accordion-title\">Risiken durch Hitze bewerten<\/p><svg viewBox=\"0 0 24 24\" stroke-width=\"1.5\" fill=\"none\" xmlns=\"http:\/\/www.w3.org\/2000\/svg\" class=\"accordion-top__icon\"><path d=\"M3 12L21 12M21 12L12.5 3.5M21 12L12.5 20.5\" stroke-width=\"1.5\" stroke-linecap=\"round\" stroke-linejoin=\"round\"><\/path><\/svg><\/div><div class=\"accordion-content\">\n<p>Der Arbeitgeber muss ermitteln, in welchen Situationen Besch\u00e4ftigte hohen Temperaturen ausgesetzt sind, und geeignete Pr\u00e4ventionsma\u00dfnahmen ergreifen. Bei dieser Bewertung werden insbesondere folgende Faktoren ber\u00fccksichtigt:<\/p>\n\n\n\n<ul class=\"wp-block-list\">\n<li>die <strong>Art der ausgef\u00fchrten T\u00e4tigkeiten<\/strong>;<\/li>\n\n\n\n<li>die <strong>Intensit\u00e4t der k\u00f6rperlichen Anstrengung<\/strong>;<\/li>\n\n\n\n<li>die klimatischen Bedingungen und die Arbeitsumgebung;<\/li>\n\n\n\n<li>die getragenen Schutzausr\u00fcstungen oder Schutzkleidung;<\/li>\n\n\n\n<li>individuelle Merkmale der Besch\u00e4ftigten, wie beispielsweise das <strong>Alter<\/strong> oder bestimmte <strong>Erkrankungen<\/strong>, die die Anf\u00e4lligkeit gegen\u00fcber Hitze erh\u00f6hen k\u00f6nnen.<\/li>\n<\/ul>\n\n\n\n<p>In bestimmten besonders gef\u00e4hrdeten Branchen k\u00f6nnen spezielle Bewertungsmethoden eingesetzt werden, um das bestehende Risiko einzusch\u00e4tzen.<\/p>\n<\/div><\/div>\n\n\n\n<div class=\"wp-block-eures-plugin-accordion-block\"><div class=\"accordion-top\"><p class=\"accordion-title\">Welche Ma\u00dfnahmen k\u00f6nnen ergriffen werden?<\/p><svg viewBox=\"0 0 24 24\" stroke-width=\"1.5\" fill=\"none\" xmlns=\"http:\/\/www.w3.org\/2000\/svg\" class=\"accordion-top__icon\"><path d=\"M3 12L21 12M21 12L12.5 3.5M21 12L12.5 20.5\" stroke-width=\"1.5\" stroke-linecap=\"round\" stroke-linejoin=\"round\"><\/path><\/svg><\/div><div class=\"accordion-content\">\n<p>Die getroffenen Ma\u00dfnahmen m\u00fcssen an die ermittelten Risiken angepasst sein und m\u00f6glichst auf <strong>kollektive Schutzma\u00dfnahmen<\/strong> setzen.<\/p>\n\n\n\n<h3 class=\"wp-block-heading\">\ud83d\udd27 Technische Ma\u00dfnahmen<\/h3>\n\n\n\n<ul class=\"wp-block-list\">\n<li>die <strong>Bel\u00fcftung<\/strong> oder den Luftaustausch verbessern;<\/li>\n\n\n\n<li>W\u00e4rmequellen soweit wie m\u00f6glich reduzieren;<\/li>\n\n\n\n<li><strong>beschattete oder gek\u00fchlte Bereiche<\/strong> einrichten;<\/li>\n\n\n\n<li>Besch\u00e4ftigte von Ger\u00e4ten und Anlagen isolieren, die starke Hitze erzeugen;<\/li>\n\n\n\n<li><strong>klimatisierte Fahrzeuge<\/strong> bereitstellen, wenn dies aufgrund der T\u00e4tigkeit erforderlich ist;<\/li>\n\n\n\n<li>mechanische Hilfsmittel einsetzen, um k\u00f6rperliche Anstrengungen zu reduzieren;<\/li>\n\n\n\n<li>Arbeitspl\u00e4tze anpassen oder <strong>Telearbeit<\/strong> erm\u00f6glichen, sofern dies mit der T\u00e4tigkeit vereinbar ist;<\/li>\n\n\n\n<li>die <strong>Temperatur in den Arbeitsr\u00e4umen<\/strong> \u00fcberwachen.<\/li>\n<\/ul>\n\n\n\n<h3 class=\"wp-block-heading\">\ud83d\uddd3 Organisatorische Ma\u00dfnahmen<\/h3>\n\n\n\n<ul class=\"wp-block-list\">\n<li>die <strong>Arbeitszeiten<\/strong> anpassen, um die hei\u00dfesten Tageszeiten zu vermeiden;<\/li>\n\n\n\n<li>Arbeits- und Ruhezeiten abwechseln;<\/li>\n\n\n\n<li>k\u00f6rperlich besonders anstrengende T\u00e4tigkeiten <strong>fr\u00fch morgens<\/strong> oder am sp\u00e4ten Nachmittag einplanen;<\/li>\n\n\n\n<li>die <strong>Pausenh\u00e4ufigkeit erh\u00f6hen<\/strong> und Pausen an einem k\u00fchlen oder schattigen Ort erm\u00f6glichen;<\/li>\n\n\n\n<li>eine ausreichende Menge an <strong>kostenlosem Trinkwasser<\/strong> zur Verf\u00fcgung stellen.<\/li>\n<\/ul>\n<\/div><\/div>\n\n\n\n<div class=\"wp-block-egr-plugin-infos-block\"><div class=\"infos-block__container\" style=\"background-color:#49a0e5\"><p class=\"infos-block__content\"><strong>\ud83d\udca1 Pausen und Fl\u00fcssigkeitszufuhr:<\/strong> Die Pr\u00e4ventionsstellen empfehlen, regelm\u00e4\u00dfig <strong>kleine Mengen Wasser<\/strong> zu trinken, um das Risiko einer Dehydrierung zu verringern, und die Pausen, wenn m\u00f6glich, in <strong>bel\u00fcfteten oder gek\u00fchlten Bereichen<\/strong> zu verbringen.<\/p><\/div><\/div>\n\n\n\n<div class=\"wp-block-eures-plugin-accordion-block\"><div class=\"accordion-top\"><p class=\"accordion-title\">Arbeitskleidung anpassen<\/p><svg viewBox=\"0 0 24 24\" stroke-width=\"1.5\" fill=\"none\" xmlns=\"http:\/\/www.w3.org\/2000\/svg\" class=\"accordion-top__icon\"><path d=\"M3 12L21 12M21 12L12.5 3.5M21 12L12.5 20.5\" stroke-width=\"1.5\" stroke-linecap=\"round\" stroke-linejoin=\"round\"><\/path><\/svg><\/div><div class=\"accordion-content\">\n<p>Wenn es die Sicherheitsanforderungen zulassen, kann der Arbeitgeber die Kleidungsvorschriften lockern, um das Tragen von <strong>leichterer und atmungsaktiver Kleidung<\/strong> zu erm\u00f6glichen. Je nach ausge\u00fcbter T\u00e4tigkeit k\u00f6nnen au\u00dferdem zus\u00e4tzliche Schutzausr\u00fcstungen \u2013 etwa <strong>Kopfbedeckungen, Schutzbrillen oder andere Schutzma\u00dfnahmen gegen Sonneneinstrahlung<\/strong> \u2013 bereitgestellt werden.<\/p>\n<\/div><\/div>\n\n\n\n<div class=\"wp-block-egr-plugin-infos-block\"><div class=\"infos-block__container\" style=\"background-color:#49a0e5\"><p class=\"infos-block__content\">\u26a0\ufe0f Wichtiger Hinweis<br><strong>Pers\u00f6nliche Schutzausr\u00fcstung (PSA) bleibt verpflichtend, wenn sie f\u00fcr die Sicherheit der Besch\u00e4ftigten erforderlich ist.<\/strong> Sie darf nur dann abgelegt werden, wenn ihre Verwendung nicht mehr erforderlich ist \u2013 <strong>auch bei gro\u00dfer Hitze<\/strong>.<\/p><\/div><\/div>\n\n\n\n<div class=\"wp-block-eures-plugin-accordion-block\"><div class=\"accordion-top\"><p class=\"accordion-title\">Besch\u00e4ftigte informieren und schulen<\/p><svg viewBox=\"0 0 24 24\" stroke-width=\"1.5\" fill=\"none\" xmlns=\"http:\/\/www.w3.org\/2000\/svg\" class=\"accordion-top__icon\"><path d=\"M3 12L21 12M21 12L12.5 3.5M21 12L12.5 20.5\" stroke-width=\"1.5\" stroke-linecap=\"round\" stroke-linejoin=\"round\"><\/path><\/svg><\/div><div class=\"accordion-content\">\n<p>Die Besch\u00e4ftigten m\u00fcssen \u00fcber die mit gro\u00dfer Hitze verbundenen Risiken informiert und sensibilisiert werden, damit sie die ersten Anzeichen eines <strong>Hitzschlags<\/strong> oder einer <strong>Dehydrierung<\/strong> schnell erkennen und wissen, welche Ma\u00dfnahmen im Notfall zu ergreifen sind. Eine angemessene Information tr\u00e4gt dazu bei, Risiken zu begrenzen und im Falle von Beschwerden eine schnelle Reaktion zu erm\u00f6glichen.<\/p>\n<\/div><\/div>\n\n\n\n<div class=\"wp-block-eures-plugin-accordion-block\"><div class=\"accordion-top\"><p class=\"accordion-title\">Welche Verantwortung tr\u00e4gt der Arbeitgeber?<\/p><svg viewBox=\"0 0 24 24\" stroke-width=\"1.5\" fill=\"none\" xmlns=\"http:\/\/www.w3.org\/2000\/svg\" class=\"accordion-top__icon\"><path d=\"M3 12L21 12M21 12L12.5 3.5M21 12L12.5 20.5\" stroke-width=\"1.5\" stroke-linecap=\"round\" stroke-linejoin=\"round\"><\/path><\/svg><\/div><div class=\"accordion-content\">\n<p>Der Arbeitgeber unterliegt einer <strong>allgemeinen Schutzpflicht<\/strong> f\u00fcr die Gesundheit und Sicherheit der Besch\u00e4ftigten. Bei einer Hitzeperiode kann seine <strong>Verantwortung gegebenenfalls geltend gemacht werden<\/strong>, wenn er keine Gef\u00e4hrdungsbeurteilung durchgef\u00fchrt oder keine geeigneten Pr\u00e4ventionsma\u00dfnahmen umgesetzt hat.<\/p>\n\n\n\n<p>Diese Verpflichtung wird unter Ber\u00fccksichtigung der <strong>im Besch\u00e4ftigungsland geltenden Vorschriften<\/strong> sowie der besonderen Umst\u00e4nde des jeweiligen Einzelfalls beurteilt. In mehreren Mitgliedstaaten, darunter Frankreich, konkretisieren nationale Regelungen inzwischen die Ma\u00dfnahmen, die w\u00e4hrend starker Hitzeperioden erwartet werden.<\/p>\n<\/div><\/div>\n","protected":false},"excerpt":{"rendered":"<p>Mit Beginn des Sommers k\u00f6nnen Hitzeperioden die Arbeit besonders belastend machen \u2013 sowohl im Freien als auch in unzureichend bel\u00fcfteten R\u00e4umen. In Europa ist Ihr Arbeitgeber verpflichtet, Ihre Gesundheit und Sicherheit zu sch\u00fctzen, auch vor den mit Hitze verbundenen Risiken. Die konkreten Ma\u00dfnahmen h\u00e4ngen jedoch von Ihrem Besch\u00e4ftigungsland ab: Das sollten Grenzg\u00e4nger vor den n\u00e4chsten [&hellip;]<\/p>\n","protected":false},"author":9,"featured_media":5608,"comment_status":"open","ping_status":"open","sticky":false,"template":"","format":"standard","meta":{"footnotes":""},"categories":[227],"tags":[238,226,249],"territories_categories":[220],"class_list":["post-5632","post","type-post","status-publish","format-standard","has-post-thumbnail","hentry","category-arbeitnehmer","tag-arbeit","tag-arbeitnehmer","tag-france-3"],"yoast_head":"<!-- This site is optimized with the Yoast SEO plugin v24.2 - https:\/\/yoast.com\/wordpress\/plugins\/seo\/ -->\n<title>Starke Hitze am Arbeitsplatz: Welche Pflichten hat Ihr Arbeitgeber? - Eures Grande Region<\/title>\n<meta name=\"robots\" content=\"index, follow, max-snippet:-1, max-image-preview:large, max-video-preview:-1\" \/>\n<link rel=\"canonical\" href=\"https:\/\/eures-granderegion.eu\/de\/2026\/07\/31\/starke-hitze-am-arbeitsplatz-welche-pflichten-hat-ihr-arbeitgeber\/\" \/>\n<meta property=\"og:locale\" content=\"de_DE\" \/>\n<meta property=\"og:type\" content=\"article\" \/>\n<meta property=\"og:title\" content=\"Starke Hitze am Arbeitsplatz: Welche Pflichten hat Ihr Arbeitgeber? - Eures Grande Region\" \/>\n<meta property=\"og:description\" content=\"Mit Beginn des Sommers k\u00f6nnen Hitzeperioden die Arbeit besonders belastend machen \u2013 sowohl im Freien als auch in unzureichend bel\u00fcfteten R\u00e4umen. In Europa ist Ihr Arbeitgeber verpflichtet, Ihre Gesundheit und Sicherheit zu sch\u00fctzen, auch vor den mit Hitze verbundenen Risiken. Die konkreten Ma\u00dfnahmen h\u00e4ngen jedoch von Ihrem Besch\u00e4ftigungsland ab: Das sollten Grenzg\u00e4nger vor den n\u00e4chsten [&hellip;]\" \/>\n<meta property=\"og:url\" content=\"https:\/\/eures-granderegion.eu\/de\/2026\/07\/31\/starke-hitze-am-arbeitsplatz-welche-pflichten-hat-ihr-arbeitgeber\/\" \/>\n<meta property=\"og:site_name\" content=\"Eures Grande Region\" \/>\n<meta property=\"article:publisher\" content=\"https:\/\/www.facebook.com\/EURES.GR\/\" \/>\n<meta property=\"article:published_time\" content=\"2026-07-31T08:46:02+00:00\" \/>\n<meta property=\"article:modified_time\" content=\"2026-08-28T08:52:04+00:00\" \/>\n<meta property=\"og:image\" content=\"https:\/\/eures-granderegion.eu\/wp-content\/uploads\/2026\/07\/focused-businesswoman-working-with-laptop-scaled.jpg\" \/>\n\t<meta property=\"og:image:width\" content=\"2560\" \/>\n\t<meta property=\"og:image:height\" content=\"1707\" \/>\n\t<meta property=\"og:image:type\" content=\"image\/jpeg\" \/>\n<meta name=\"author\" content=\"Safa Moukadim\" \/>\n<meta name=\"twitter:card\" content=\"summary_large_image\" \/>\n<meta name=\"twitter:label1\" content=\"Verfasst von\" \/>\n\t<meta name=\"twitter:data1\" content=\"Safa Moukadim\" \/>\n\t<meta name=\"twitter:label2\" content=\"Gesch\u00e4tzte Lesezeit\" \/>\n\t<meta name=\"twitter:data2\" content=\"4\u00a0Minuten\" \/>\n<script type=\"application\/ld+json\" class=\"yoast-schema-graph\">{\"@context\":\"https:\/\/schema.org\",\"@graph\":[{\"@type\":\"Article\",\"@id\":\"https:\/\/eures-granderegion.eu\/de\/2026\/07\/31\/starke-hitze-am-arbeitsplatz-welche-pflichten-hat-ihr-arbeitgeber\/#article\",\"isPartOf\":{\"@id\":\"https:\/\/eures-granderegion.eu\/de\/2026\/07\/31\/starke-hitze-am-arbeitsplatz-welche-pflichten-hat-ihr-arbeitgeber\/\"},\"author\":{\"name\":\"Safa Moukadim\",\"@id\":\"https:\/\/eures-granderegion.eu\/de\/#\/schema\/person\/fed25a72e81319960d7d7067cc4bb67c\"},\"headline\":\"Starke Hitze am Arbeitsplatz: Welche Pflichten hat Ihr Arbeitgeber?\",\"datePublished\":\"2026-07-31T08:46:02+00:00\",\"dateModified\":\"2026-08-28T08:52:04+00:00\",\"mainEntityOfPage\":{\"@id\":\"https:\/\/eures-granderegion.eu\/de\/2026\/07\/31\/starke-hitze-am-arbeitsplatz-welche-pflichten-hat-ihr-arbeitgeber\/\"},\"wordCount\":826,\"commentCount\":0,\"publisher\":{\"@id\":\"https:\/\/eures-granderegion.eu\/de\/#organization\"},\"image\":{\"@id\":\"https:\/\/eures-granderegion.eu\/de\/2026\/07\/31\/starke-hitze-am-arbeitsplatz-welche-pflichten-hat-ihr-arbeitgeber\/#primaryimage\"},\"thumbnailUrl\":\"https:\/\/eures-granderegion.eu\/wp-content\/uploads\/2026\/07\/focused-businesswoman-working-with-laptop-scaled.jpg\",\"keywords\":[\"Arbeit\",\"Arbeitnehmer\",\"France\"],\"articleSection\":[\"Arbeitnehmer\"],\"inLanguage\":\"de\",\"potentialAction\":[{\"@type\":\"CommentAction\",\"name\":\"Comment\",\"target\":[\"https:\/\/eures-granderegion.eu\/de\/2026\/07\/31\/starke-hitze-am-arbeitsplatz-welche-pflichten-hat-ihr-arbeitgeber\/#respond\"]}]},{\"@type\":\"WebPage\",\"@id\":\"https:\/\/eures-granderegion.eu\/de\/2026\/07\/31\/starke-hitze-am-arbeitsplatz-welche-pflichten-hat-ihr-arbeitgeber\/\",\"url\":\"https:\/\/eures-granderegion.eu\/de\/2026\/07\/31\/starke-hitze-am-arbeitsplatz-welche-pflichten-hat-ihr-arbeitgeber\/\",\"name\":\"Starke Hitze am Arbeitsplatz: Welche Pflichten hat Ihr Arbeitgeber? - Eures Grande Region\",\"isPartOf\":{\"@id\":\"https:\/\/eures-granderegion.eu\/de\/#website\"},\"primaryImageOfPage\":{\"@id\":\"https:\/\/eures-granderegion.eu\/de\/2026\/07\/31\/starke-hitze-am-arbeitsplatz-welche-pflichten-hat-ihr-arbeitgeber\/#primaryimage\"},\"image\":{\"@id\":\"https:\/\/eures-granderegion.eu\/de\/2026\/07\/31\/starke-hitze-am-arbeitsplatz-welche-pflichten-hat-ihr-arbeitgeber\/#primaryimage\"},\"thumbnailUrl\":\"https:\/\/eures-granderegion.eu\/wp-content\/uploads\/2026\/07\/focused-businesswoman-working-with-laptop-scaled.jpg\",\"datePublished\":\"2026-07-31T08:46:02+00:00\",\"dateModified\":\"2026-08-28T08:52:04+00:00\",\"breadcrumb\":{\"@id\":\"https:\/\/eures-granderegion.eu\/de\/2026\/07\/31\/starke-hitze-am-arbeitsplatz-welche-pflichten-hat-ihr-arbeitgeber\/#breadcrumb\"},\"inLanguage\":\"de\",\"potentialAction\":[{\"@type\":\"ReadAction\",\"target\":[\"https:\/\/eures-granderegion.eu\/de\/2026\/07\/31\/starke-hitze-am-arbeitsplatz-welche-pflichten-hat-ihr-arbeitgeber\/\"]}]},{\"@type\":\"ImageObject\",\"inLanguage\":\"de\",\"@id\":\"https:\/\/eures-granderegion.eu\/de\/2026\/07\/31\/starke-hitze-am-arbeitsplatz-welche-pflichten-hat-ihr-arbeitgeber\/#primaryimage\",\"url\":\"https:\/\/eures-granderegion.eu\/wp-content\/uploads\/2026\/07\/focused-businesswoman-working-with-laptop-scaled.jpg\",\"contentUrl\":\"https:\/\/eures-granderegion.eu\/wp-content\/uploads\/2026\/07\/focused-businesswoman-working-with-laptop-scaled.jpg\",\"width\":2560,\"height\":1707},{\"@type\":\"BreadcrumbList\",\"@id\":\"https:\/\/eures-granderegion.eu\/de\/2026\/07\/31\/starke-hitze-am-arbeitsplatz-welche-pflichten-hat-ihr-arbeitgeber\/#breadcrumb\",\"itemListElement\":[{\"@type\":\"ListItem\",\"position\":1,\"name\":\"Accueil\",\"item\":\"https:\/\/eures-granderegion.eu\/de\/\"},{\"@type\":\"ListItem\",\"position\":2,\"name\":\"Starke Hitze am Arbeitsplatz: Welche Pflichten hat Ihr Arbeitgeber?\"}]},{\"@type\":\"WebSite\",\"@id\":\"https:\/\/eures-granderegion.eu\/de\/#website\",\"url\":\"https:\/\/eures-granderegion.eu\/de\/\",\"name\":\"EURES Grande R\u00e9gion\",\"description\":\"\",\"publisher\":{\"@id\":\"https:\/\/eures-granderegion.eu\/de\/#organization\"},\"potentialAction\":[{\"@type\":\"SearchAction\",\"target\":{\"@type\":\"EntryPoint\",\"urlTemplate\":\"https:\/\/eures-granderegion.eu\/de\/?s={search_term_string}\"},\"query-input\":{\"@type\":\"PropertyValueSpecification\",\"valueRequired\":true,\"valueName\":\"search_term_string\"}}],\"inLanguage\":\"de\"},{\"@type\":\"Organization\",\"@id\":\"https:\/\/eures-granderegion.eu\/de\/#organization\",\"name\":\"Eures Grande Region\",\"url\":\"https:\/\/eures-granderegion.eu\/de\/\",\"logo\":{\"@type\":\"ImageObject\",\"inLanguage\":\"de\",\"@id\":\"https:\/\/eures-granderegion.eu\/de\/#\/schema\/logo\/image\/\",\"url\":\"https:\/\/eures-granderegion.eu\/wp-content\/uploads\/2024\/04\/EURES-GR.png\",\"contentUrl\":\"https:\/\/eures-granderegion.eu\/wp-content\/uploads\/2024\/04\/EURES-GR.png\",\"width\":292,\"height\":161,\"caption\":\"Eures Grande Region\"},\"image\":{\"@id\":\"https:\/\/eures-granderegion.eu\/de\/#\/schema\/logo\/image\/\"},\"sameAs\":[\"https:\/\/www.facebook.com\/EURES.GR\/\",\"https:\/\/www.youtube.com\/channel\/UCKrVFYX3wJWSmZAwQ7fMZtg\",\"https:\/\/www.linkedin.com\/company\/euresgranderegion\/\"]},{\"@type\":\"Person\",\"@id\":\"https:\/\/eures-granderegion.eu\/de\/#\/schema\/person\/fed25a72e81319960d7d7067cc4bb67c\",\"name\":\"Safa Moukadim\",\"image\":{\"@type\":\"ImageObject\",\"inLanguage\":\"de\",\"@id\":\"https:\/\/eures-granderegion.eu\/de\/#\/schema\/person\/image\/\",\"url\":\"https:\/\/secure.gravatar.com\/avatar\/cc7cc503c15ae0cb2dacf2e12363484c?s=96&d=mm&r=g\",\"contentUrl\":\"https:\/\/secure.gravatar.com\/avatar\/cc7cc503c15ae0cb2dacf2e12363484c?s=96&d=mm&r=g\",\"caption\":\"Safa Moukadim\"}}]}<\/script>\n<!-- \/ Yoast SEO plugin. -->","yoast_head_json":{"title":"Starke Hitze am Arbeitsplatz: Welche Pflichten hat Ihr Arbeitgeber? - Eures Grande Region","robots":{"index":"index","follow":"follow","max-snippet":"max-snippet:-1","max-image-preview":"max-image-preview:large","max-video-preview":"max-video-preview:-1"},"canonical":"https:\/\/eures-granderegion.eu\/de\/2026\/07\/31\/starke-hitze-am-arbeitsplatz-welche-pflichten-hat-ihr-arbeitgeber\/","og_locale":"de_DE","og_type":"article","og_title":"Starke Hitze am Arbeitsplatz: Welche Pflichten hat Ihr Arbeitgeber? - Eures Grande Region","og_description":"Mit Beginn des Sommers k\u00f6nnen Hitzeperioden die Arbeit besonders belastend machen \u2013 sowohl im Freien als auch in unzureichend bel\u00fcfteten R\u00e4umen. In Europa ist Ihr Arbeitgeber verpflichtet, Ihre Gesundheit und Sicherheit zu sch\u00fctzen, auch vor den mit Hitze verbundenen Risiken. Die konkreten Ma\u00dfnahmen h\u00e4ngen jedoch von Ihrem Besch\u00e4ftigungsland ab: Das sollten Grenzg\u00e4nger vor den n\u00e4chsten [&hellip;]","og_url":"https:\/\/eures-granderegion.eu\/de\/2026\/07\/31\/starke-hitze-am-arbeitsplatz-welche-pflichten-hat-ihr-arbeitgeber\/","og_site_name":"Eures Grande Region","article_publisher":"https:\/\/www.facebook.com\/EURES.GR\/","article_published_time":"2026-07-31T08:46:02+00:00","article_modified_time":"2026-08-28T08:52:04+00:00","og_image":[{"width":2560,"height":1707,"url":"https:\/\/eures-granderegion.eu\/wp-content\/uploads\/2026\/07\/focused-businesswoman-working-with-laptop-scaled.jpg","type":"image\/jpeg"}],"author":"Safa Moukadim","twitter_card":"summary_large_image","twitter_misc":{"Verfasst von":"Safa Moukadim","Gesch\u00e4tzte Lesezeit":"4\u00a0Minuten"},"schema":{"@context":"https:\/\/schema.org","@graph":[{"@type":"Article","@id":"https:\/\/eures-granderegion.eu\/de\/2026\/07\/31\/starke-hitze-am-arbeitsplatz-welche-pflichten-hat-ihr-arbeitgeber\/#article","isPartOf":{"@id":"https:\/\/eures-granderegion.eu\/de\/2026\/07\/31\/starke-hitze-am-arbeitsplatz-welche-pflichten-hat-ihr-arbeitgeber\/"},"author":{"name":"Safa Moukadim","@id":"https:\/\/eures-granderegion.eu\/de\/#\/schema\/person\/fed25a72e81319960d7d7067cc4bb67c"},"headline":"Starke Hitze am Arbeitsplatz: Welche Pflichten hat Ihr Arbeitgeber?","datePublished":"2026-07-31T08:46:02+00:00","dateModified":"2026-08-28T08:52:04+00:00","mainEntityOfPage":{"@id":"https:\/\/eures-granderegion.eu\/de\/2026\/07\/31\/starke-hitze-am-arbeitsplatz-welche-pflichten-hat-ihr-arbeitgeber\/"},"wordCount":826,"commentCount":0,"publisher":{"@id":"https:\/\/eures-granderegion.eu\/de\/#organization"},"image":{"@id":"https:\/\/eures-granderegion.eu\/de\/2026\/07\/31\/starke-hitze-am-arbeitsplatz-welche-pflichten-hat-ihr-arbeitgeber\/#primaryimage"},"thumbnailUrl":"https:\/\/eures-granderegion.eu\/wp-content\/uploads\/2026\/07\/focused-businesswoman-working-with-laptop-scaled.jpg","keywords":["Arbeit","Arbeitnehmer","France"],"articleSection":["Arbeitnehmer"],"inLanguage":"de","potentialAction":[{"@type":"CommentAction","name":"Comment","target":["https:\/\/eures-granderegion.eu\/de\/2026\/07\/31\/starke-hitze-am-arbeitsplatz-welche-pflichten-hat-ihr-arbeitgeber\/#respond"]}]},{"@type":"WebPage","@id":"https:\/\/eures-granderegion.eu\/de\/2026\/07\/31\/starke-hitze-am-arbeitsplatz-welche-pflichten-hat-ihr-arbeitgeber\/","url":"https:\/\/eures-granderegion.eu\/de\/2026\/07\/31\/starke-hitze-am-arbeitsplatz-welche-pflichten-hat-ihr-arbeitgeber\/","name":"Starke Hitze am Arbeitsplatz: Welche Pflichten hat Ihr Arbeitgeber? - Eures Grande Region","isPartOf":{"@id":"https:\/\/eures-granderegion.eu\/de\/#website"},"primaryImageOfPage":{"@id":"https:\/\/eures-granderegion.eu\/de\/2026\/07\/31\/starke-hitze-am-arbeitsplatz-welche-pflichten-hat-ihr-arbeitgeber\/#primaryimage"},"image":{"@id":"https:\/\/eures-granderegion.eu\/de\/2026\/07\/31\/starke-hitze-am-arbeitsplatz-welche-pflichten-hat-ihr-arbeitgeber\/#primaryimage"},"thumbnailUrl":"https:\/\/eures-granderegion.eu\/wp-content\/uploads\/2026\/07\/focused-businesswoman-working-with-laptop-scaled.jpg","datePublished":"2026-07-31T08:46:02+00:00","dateModified":"2026-08-28T08:52:04+00:00","breadcrumb":{"@id":"https:\/\/eures-granderegion.eu\/de\/2026\/07\/31\/starke-hitze-am-arbeitsplatz-welche-pflichten-hat-ihr-arbeitgeber\/#breadcrumb"},"inLanguage":"de","potentialAction":[{"@type":"ReadAction","target":["https:\/\/eures-granderegion.eu\/de\/2026\/07\/31\/starke-hitze-am-arbeitsplatz-welche-pflichten-hat-ihr-arbeitgeber\/"]}]},{"@type":"ImageObject","inLanguage":"de","@id":"https:\/\/eures-granderegion.eu\/de\/2026\/07\/31\/starke-hitze-am-arbeitsplatz-welche-pflichten-hat-ihr-arbeitgeber\/#primaryimage","url":"https:\/\/eures-granderegion.eu\/wp-content\/uploads\/2026\/07\/focused-businesswoman-working-with-laptop-scaled.jpg","contentUrl":"https:\/\/eures-granderegion.eu\/wp-content\/uploads\/2026\/07\/focused-businesswoman-working-with-laptop-scaled.jpg","width":2560,"height":1707},{"@type":"BreadcrumbList","@id":"https:\/\/eures-granderegion.eu\/de\/2026\/07\/31\/starke-hitze-am-arbeitsplatz-welche-pflichten-hat-ihr-arbeitgeber\/#breadcrumb","itemListElement":[{"@type":"ListItem","position":1,"name":"Accueil","item":"https:\/\/eures-granderegion.eu\/de\/"},{"@type":"ListItem","position":2,"name":"Starke Hitze am Arbeitsplatz: Welche Pflichten hat Ihr Arbeitgeber?"}]},{"@type":"WebSite","@id":"https:\/\/eures-granderegion.eu\/de\/#website","url":"https:\/\/eures-granderegion.eu\/de\/","name":"EURES Grande R\u00e9gion","description":"","publisher":{"@id":"https:\/\/eures-granderegion.eu\/de\/#organization"},"potentialAction":[{"@type":"SearchAction","target":{"@type":"EntryPoint","urlTemplate":"https:\/\/eures-granderegion.eu\/de\/?s={search_term_string}"},"query-input":{"@type":"PropertyValueSpecification","valueRequired":true,"valueName":"search_term_string"}}],"inLanguage":"de"},{"@type":"Organization","@id":"https:\/\/eures-granderegion.eu\/de\/#organization","name":"Eures Grande Region","url":"https:\/\/eures-granderegion.eu\/de\/","logo":{"@type":"ImageObject","inLanguage":"de","@id":"https:\/\/eures-granderegion.eu\/de\/#\/schema\/logo\/image\/","url":"https:\/\/eures-granderegion.eu\/wp-content\/uploads\/2024\/04\/EURES-GR.png","contentUrl":"https:\/\/eures-granderegion.eu\/wp-content\/uploads\/2024\/04\/EURES-GR.png","width":292,"height":161,"caption":"Eures Grande Region"},"image":{"@id":"https:\/\/eures-granderegion.eu\/de\/#\/schema\/logo\/image\/"},"sameAs":["https:\/\/www.facebook.com\/EURES.GR\/","https:\/\/www.youtube.com\/channel\/UCKrVFYX3wJWSmZAwQ7fMZtg","https:\/\/www.linkedin.com\/company\/euresgranderegion\/"]},{"@type":"Person","@id":"https:\/\/eures-granderegion.eu\/de\/#\/schema\/person\/fed25a72e81319960d7d7067cc4bb67c","name":"Safa Moukadim","image":{"@type":"ImageObject","inLanguage":"de","@id":"https:\/\/eures-granderegion.eu\/de\/#\/schema\/person\/image\/","url":"https:\/\/secure.gravatar.com\/avatar\/cc7cc503c15ae0cb2dacf2e12363484c?s=96&d=mm&r=g","contentUrl":"https:\/\/secure.gravatar.com\/avatar\/cc7cc503c15ae0cb2dacf2e12363484c?s=96&d=mm&r=g","caption":"Safa Moukadim"}}]}},"_links":{"self":[{"href":"https:\/\/eures-granderegion.eu\/de\/wp-json\/wp\/v2\/posts\/5632","targetHints":{"allow":["GET"]}}],"collection":[{"href":"https:\/\/eures-granderegion.eu\/de\/wp-json\/wp\/v2\/posts"}],"about":[{"href":"https:\/\/eures-granderegion.eu\/de\/wp-json\/wp\/v2\/types\/post"}],"author":[{"embeddable":true,"href":"https:\/\/eures-granderegion.eu\/de\/wp-json\/wp\/v2\/users\/9"}],"replies":[{"embeddable":true,"href":"https:\/\/eures-granderegion.eu\/de\/wp-json\/wp\/v2\/comments?post=5632"}],"version-history":[{"count":3,"href":"https:\/\/eures-granderegion.eu\/de\/wp-json\/wp\/v2\/posts\/5632\/revisions"}],"predecessor-version":[{"id":5635,"href":"https:\/\/eures-granderegion.eu\/de\/wp-json\/wp\/v2\/posts\/5632\/revisions\/5635"}],"wp:featuredmedia":[{"embeddable":true,"href":"https:\/\/eures-granderegion.eu\/de\/wp-json\/wp\/v2\/media\/5608"}],"wp:attachment":[{"href":"https:\/\/eures-granderegion.eu\/de\/wp-json\/wp\/v2\/media?parent=5632"}],"wp:term":[{"taxonomy":"category","embeddable":true,"href":"https:\/\/eures-granderegion.eu\/de\/wp-json\/wp\/v2\/categories?post=5632"},{"taxonomy":"post_tag","embeddable":true,"href":"https:\/\/eures-granderegion.eu\/de\/wp-json\/wp\/v2\/tags?post=5632"},{"taxonomy":"egr_territories_categories","embeddable":true,"href":"https:\/\/eures-granderegion.eu\/de\/wp-json\/wp\/v2\/territories_categories?post=5632"}],"curies":[{"name":"wp","href":"https:\/\/api.w.org\/{rel}","templated":true}]}}