{"id":5638,"date":"2026-08-17T14:59:39","date_gmt":"2026-08-17T12:59:39","guid":{"rendered":"https:\/\/eures-granderegion.eu\/?p=5638"},"modified":"2026-08-28T15:06:39","modified_gmt":"2026-08-28T13:06:39","slug":"rente-und-umzug-in-ein-nachbarland-was-sich-aendert","status":"publish","type":"post","link":"https:\/\/eures-granderegion.eu\/de\/2026\/08\/17\/rente-und-umzug-in-ein-nachbarland-was-sich-aendert\/","title":{"rendered":"Rente und Umzug in ein Nachbarland: Was sich \u00e4ndert"},"content":{"rendered":"\n<p>Sie planen, Ihren Wohnsitz ins Ausland zu verlegen? Dann sollten Sie wissen, dass Sie Ihre Rente grunds\u00e4tzlich auch in Ihrem neuen Wohnsitzland weiter beziehen k\u00f6nnen, sofern Sie bestimmte Formalit\u00e4ten erf\u00fcllen. Nachfolgend finden Sie die wichtigsten Auswirkungen dieses Wohnsitzwechsels.<\/p>\n\n\n\n<p>Dar\u00fcber hinaus empfehlen wir Ihnen, den folgenden Artikel zu den zust\u00e4ndigen Stellen und den erforderlichen Formalit\u00e4ten bei einem grenz\u00fcberschreitenden Umzug zu lesen: <strong><a href=\"https:\/\/frontaliers-grandest.eu\/demenagement-frontalier-les-demarches-cles\/\" target=\"_blank\" rel=\"noreferrer noopener\">Grenz\u00fcberschreitender Umzug: Die wichtigsten Formalit\u00e4ten<\/a><\/strong><\/p>\n\n\n\n<h1 class=\"wp-block-heading\"><strong>Die Rente<\/strong><\/h1>\n\n\n\n<p>Grunds\u00e4tzlich k\u00f6nnen Sie Ihre Rente auch im Ausland weiterhin ohne Auswirkungen beziehen. Dazu m\u00fcssen Sie <strong>Ihre Rentenkasse schriftlich \u00fcber Ihre neue Anschrift sowie \u00fcber jede \u00c4nderung Ihrer Bankverbindung informieren<\/strong>. Gegebenenfalls werden Nachweise \u00fcber Ihren Wohnsitz verlangt (Meldebescheinigung, Mietvertrag, Eigentumsnachweis usw.).<\/p>\n\n\n\n<p>Dar\u00fcber hinaus m\u00fcssen Sie Ihrer Rentenkasse jedes Jahr eine <strong>Lebensbescheinigung<\/strong> \u00fcbermitteln, um weiterhin Ihre Rente zu erhalten. Dieses Dokument best\u00e4tigt, dass Sie noch leben, und muss von der zust\u00e4ndigen Beh\u00f6rde Ihres Wohnsitzlandes best\u00e4tigt oder \u00fcber die Anwendung \u201eMon certificat de vie\u201c \u00fcbermittelt werden. Wird die Bescheinigung nicht innerhalb der vorgegebenen Frist eingereicht, kann die Auszahlung Ihrer Rente ausgesetzt werden.<\/p>\n\n\n\n<p><strong>Ausnahme bei der luxemburgischen Rente:<\/strong> Die CNAP verlangt keine \u00dcbermittlung einer Lebensbescheinigung. Wenn Sie jedoch Ihren Wohnsitz ins Ausland verlegen, m\u00fcssen Sie Ihre neue Anschrift anhand einer <strong>Meldebescheinigung<\/strong> oder, falls diese nicht vorliegt, durch ein anderes amtliches Dokument nachweisen.<\/p>\n\n\n\n<h1 class=\"wp-block-heading\"><strong>Gesundheitsversorgung<\/strong><\/h1>\n\n\n\n<p>Sie m\u00fcssen Ihre Krankenkasse \u00fcber Ihren Umzug ins Ausland sowie \u00fcber Ihre neue Anschrift informieren.<\/p>\n\n\n\n<p>Vor Ihrem Umzug sollten Sie bei Ihrer Rentenkasse im bisherigen Wohnsitzland das <strong>Formular S1<\/strong> beantragen. Mit diesem Dokument k\u00f6nnen Sie sich nach Ihrem Umzug bei der Sozialversicherung Ihres neuen Wohnsitzlandes anmelden und dort die Kosten\u00fcbernahme f\u00fcr Ihre medizinische Versorgung in Anspruch nehmen.<\/p>\n\n\n\n<p>Wenn Sie mehrere Renten beziehen \u2013 das hei\u00dft, wenn Sie sowohl eine Rente aus einem ausl\u00e4ndischen Sozialversicherungssystem als auch eine Rente aus dem Sozialversicherungssystem Ihres neuen Wohnsitzlandes erhalten \u2013, wird Ihre Gesundheitsversorgung in diesem Land durch den neuen Wohnsitzstaat sichergestellt. In diesem Fall ist das Formular S1 nicht erforderlich.<\/p>\n\n\n\n<p>Weitere Informationen finden Sie auf dieser Seite: <strong>Rente: <a href=\"https:\/\/frontaliers-grandest.eu\/accueil\/retraite\/affiliation\/\" target=\"_blank\" rel=\"noreferrer noopener\">Krankenversicherung f\u00fcr Grenzg\u00e4nger<\/a><\/strong><\/p>\n\n\n\n<h1 class=\"wp-block-heading\"><strong>Steuern<\/strong><\/h1>\n\n\n\n<p>Die Steuerbeh\u00f6rden Ihres bisherigen Landes und Ihres neuen Wohnsitzlandes m\u00fcssen \u00fcber Ihre Adress\u00e4nderung informiert werden. Es wird empfohlen, sich mit den zust\u00e4ndigen Steuerbeh\u00f6rden in Verbindung zu setzen, damit diese Ihren <strong>steuerlichen Wohnsitz<\/strong> sowie die geltende Besteuerung bestimmen k\u00f6nnen. Dabei wird das jeweils geltende <strong>Doppelbesteuerungsabkommen<\/strong> ber\u00fccksichtigt.<\/p>\n\n\n\n<p>Die Doppelbesteuerungsabkommen ber\u00fccksichtigen insbesondere die <strong>Art des Einkommens, das Wohnsitzland sowie das Land, das die Rente auszahlt<\/strong>.<\/p>\n","protected":false},"excerpt":{"rendered":"<p>Sie planen, Ihren Wohnsitz ins Ausland zu verlegen? Dann sollten Sie wissen, dass Sie Ihre Rente grunds\u00e4tzlich auch in Ihrem neuen Wohnsitzland weiter beziehen k\u00f6nnen, sofern Sie bestimmte Formalit\u00e4ten erf\u00fcllen. Nachfolgend finden Sie die wichtigsten Auswirkungen dieses Wohnsitzwechsels. Dar\u00fcber hinaus empfehlen wir Ihnen, den folgenden Artikel zu den zust\u00e4ndigen Stellen und den erforderlichen Formalit\u00e4ten bei [&hellip;]<\/p>\n","protected":false},"author":9,"featured_media":5619,"comment_status":"open","ping_status":"open","sticky":false,"template":"","format":"standard","meta":{"footnotes":""},"categories":[229],"tags":[226,228],"territories_categories":[220,113,106,118,122,128],"class_list":["post-5638","post","type-post","status-publish","format-standard","has-post-thumbnail","hentry","category-rentner","tag-arbeitnehmer","tag-rentner"],"yoast_head":"<!-- This site is optimized with the Yoast SEO plugin v24.2 - https:\/\/yoast.com\/wordpress\/plugins\/seo\/ -->\n<title>Rente und Umzug in ein Nachbarland: Was sich \u00e4ndert - Eures Grande Region<\/title>\n<meta name=\"robots\" content=\"index, follow, max-snippet:-1, max-image-preview:large, max-video-preview:-1\" \/>\n<link rel=\"canonical\" href=\"https:\/\/eures-granderegion.eu\/de\/2026\/08\/17\/rente-und-umzug-in-ein-nachbarland-was-sich-aendert\/\" \/>\n<meta property=\"og:locale\" content=\"de_DE\" \/>\n<meta property=\"og:type\" content=\"article\" \/>\n<meta property=\"og:title\" content=\"Rente und Umzug in ein Nachbarland: Was sich \u00e4ndert - Eures Grande Region\" \/>\n<meta property=\"og:description\" content=\"Sie planen, Ihren Wohnsitz ins Ausland zu verlegen? Dann sollten Sie wissen, dass Sie Ihre Rente grunds\u00e4tzlich auch in Ihrem neuen Wohnsitzland weiter beziehen k\u00f6nnen, sofern Sie bestimmte Formalit\u00e4ten erf\u00fcllen. Nachfolgend finden Sie die wichtigsten Auswirkungen dieses Wohnsitzwechsels. Dar\u00fcber hinaus empfehlen wir Ihnen, den folgenden Artikel zu den zust\u00e4ndigen Stellen und den erforderlichen Formalit\u00e4ten bei [&hellip;]\" \/>\n<meta property=\"og:url\" content=\"https:\/\/eures-granderegion.eu\/de\/2026\/08\/17\/rente-und-umzug-in-ein-nachbarland-was-sich-aendert\/\" \/>\n<meta property=\"og:site_name\" content=\"Eures Grande Region\" \/>\n<meta property=\"article:publisher\" content=\"https:\/\/www.facebook.com\/EURES.GR\/\" \/>\n<meta property=\"article:published_time\" content=\"2026-08-17T12:59:39+00:00\" \/>\n<meta property=\"article:modified_time\" content=\"2026-08-28T13:06:39+00:00\" \/>\n<meta property=\"og:image\" content=\"https:\/\/eures-granderegion.eu\/wp-content\/uploads\/2026\/08\/retraite-demenagement-frontalier-couple-cles.jpg\" \/>\n\t<meta property=\"og:image:width\" content=\"1600\" \/>\n\t<meta property=\"og:image:height\" content=\"1068\" \/>\n\t<meta property=\"og:image:type\" content=\"image\/jpeg\" \/>\n<meta name=\"author\" content=\"Safa Moukadim\" \/>\n<meta name=\"twitter:card\" content=\"summary_large_image\" \/>\n<meta name=\"twitter:label1\" content=\"Verfasst von\" \/>\n\t<meta name=\"twitter:data1\" content=\"Safa Moukadim\" \/>\n\t<meta name=\"twitter:label2\" content=\"Gesch\u00e4tzte Lesezeit\" \/>\n\t<meta name=\"twitter:data2\" content=\"3\u00a0Minuten\" \/>\n<script type=\"application\/ld+json\" class=\"yoast-schema-graph\">{\"@context\":\"https:\/\/schema.org\",\"@graph\":[{\"@type\":\"Article\",\"@id\":\"https:\/\/eures-granderegion.eu\/de\/2026\/08\/17\/rente-und-umzug-in-ein-nachbarland-was-sich-aendert\/#article\",\"isPartOf\":{\"@id\":\"https:\/\/eures-granderegion.eu\/de\/2026\/08\/17\/rente-und-umzug-in-ein-nachbarland-was-sich-aendert\/\"},\"author\":{\"name\":\"Safa Moukadim\",\"@id\":\"https:\/\/eures-granderegion.eu\/de\/#\/schema\/person\/fed25a72e81319960d7d7067cc4bb67c\"},\"headline\":\"Rente und Umzug in ein Nachbarland: Was sich \u00e4ndert\",\"datePublished\":\"2026-08-17T12:59:39+00:00\",\"dateModified\":\"2026-08-28T13:06:39+00:00\",\"mainEntityOfPage\":{\"@id\":\"https:\/\/eures-granderegion.eu\/de\/2026\/08\/17\/rente-und-umzug-in-ein-nachbarland-was-sich-aendert\/\"},\"wordCount\":429,\"commentCount\":0,\"publisher\":{\"@id\":\"https:\/\/eures-granderegion.eu\/de\/#organization\"},\"image\":{\"@id\":\"https:\/\/eures-granderegion.eu\/de\/2026\/08\/17\/rente-und-umzug-in-ein-nachbarland-was-sich-aendert\/#primaryimage\"},\"thumbnailUrl\":\"https:\/\/eures-granderegion.eu\/wp-content\/uploads\/2026\/08\/retraite-demenagement-frontalier-couple-cles.jpg\",\"keywords\":[\"Arbeitnehmer\",\"Rentner\"],\"articleSection\":[\"Rentner\"],\"inLanguage\":\"de\",\"potentialAction\":[{\"@type\":\"CommentAction\",\"name\":\"Comment\",\"target\":[\"https:\/\/eures-granderegion.eu\/de\/2026\/08\/17\/rente-und-umzug-in-ein-nachbarland-was-sich-aendert\/#respond\"]}]},{\"@type\":\"WebPage\",\"@id\":\"https:\/\/eures-granderegion.eu\/de\/2026\/08\/17\/rente-und-umzug-in-ein-nachbarland-was-sich-aendert\/\",\"url\":\"https:\/\/eures-granderegion.eu\/de\/2026\/08\/17\/rente-und-umzug-in-ein-nachbarland-was-sich-aendert\/\",\"name\":\"Rente und Umzug in ein Nachbarland: Was sich \u00e4ndert - Eures Grande Region\",\"isPartOf\":{\"@id\":\"https:\/\/eures-granderegion.eu\/de\/#website\"},\"primaryImageOfPage\":{\"@id\":\"https:\/\/eures-granderegion.eu\/de\/2026\/08\/17\/rente-und-umzug-in-ein-nachbarland-was-sich-aendert\/#primaryimage\"},\"image\":{\"@id\":\"https:\/\/eures-granderegion.eu\/de\/2026\/08\/17\/rente-und-umzug-in-ein-nachbarland-was-sich-aendert\/#primaryimage\"},\"thumbnailUrl\":\"https:\/\/eures-granderegion.eu\/wp-content\/uploads\/2026\/08\/retraite-demenagement-frontalier-couple-cles.jpg\",\"datePublished\":\"2026-08-17T12:59:39+00:00\",\"dateModified\":\"2026-08-28T13:06:39+00:00\",\"breadcrumb\":{\"@id\":\"https:\/\/eures-granderegion.eu\/de\/2026\/08\/17\/rente-und-umzug-in-ein-nachbarland-was-sich-aendert\/#breadcrumb\"},\"inLanguage\":\"de\",\"potentialAction\":[{\"@type\":\"ReadAction\",\"target\":[\"https:\/\/eures-granderegion.eu\/de\/2026\/08\/17\/rente-und-umzug-in-ein-nachbarland-was-sich-aendert\/\"]}]},{\"@type\":\"ImageObject\",\"inLanguage\":\"de\",\"@id\":\"https:\/\/eures-granderegion.eu\/de\/2026\/08\/17\/rente-und-umzug-in-ein-nachbarland-was-sich-aendert\/#primaryimage\",\"url\":\"https:\/\/eures-granderegion.eu\/wp-content\/uploads\/2026\/08\/retraite-demenagement-frontalier-couple-cles.jpg\",\"contentUrl\":\"https:\/\/eures-granderegion.eu\/wp-content\/uploads\/2026\/08\/retraite-demenagement-frontalier-couple-cles.jpg\",\"width\":1600,\"height\":1068},{\"@type\":\"BreadcrumbList\",\"@id\":\"https:\/\/eures-granderegion.eu\/de\/2026\/08\/17\/rente-und-umzug-in-ein-nachbarland-was-sich-aendert\/#breadcrumb\",\"itemListElement\":[{\"@type\":\"ListItem\",\"position\":1,\"name\":\"Accueil\",\"item\":\"https:\/\/eures-granderegion.eu\/de\/\"},{\"@type\":\"ListItem\",\"position\":2,\"name\":\"Rente und Umzug in ein Nachbarland: Was sich \u00e4ndert\"}]},{\"@type\":\"WebSite\",\"@id\":\"https:\/\/eures-granderegion.eu\/de\/#website\",\"url\":\"https:\/\/eures-granderegion.eu\/de\/\",\"name\":\"EURES Grande R\u00e9gion\",\"description\":\"\",\"publisher\":{\"@id\":\"https:\/\/eures-granderegion.eu\/de\/#organization\"},\"potentialAction\":[{\"@type\":\"SearchAction\",\"target\":{\"@type\":\"EntryPoint\",\"urlTemplate\":\"https:\/\/eures-granderegion.eu\/de\/?s={search_term_string}\"},\"query-input\":{\"@type\":\"PropertyValueSpecification\",\"valueRequired\":true,\"valueName\":\"search_term_string\"}}],\"inLanguage\":\"de\"},{\"@type\":\"Organization\",\"@id\":\"https:\/\/eures-granderegion.eu\/de\/#organization\",\"name\":\"Eures Grande Region\",\"url\":\"https:\/\/eures-granderegion.eu\/de\/\",\"logo\":{\"@type\":\"ImageObject\",\"inLanguage\":\"de\",\"@id\":\"https:\/\/eures-granderegion.eu\/de\/#\/schema\/logo\/image\/\",\"url\":\"https:\/\/eures-granderegion.eu\/wp-content\/uploads\/2024\/04\/EURES-GR.png\",\"contentUrl\":\"https:\/\/eures-granderegion.eu\/wp-content\/uploads\/2024\/04\/EURES-GR.png\",\"width\":292,\"height\":161,\"caption\":\"Eures Grande Region\"},\"image\":{\"@id\":\"https:\/\/eures-granderegion.eu\/de\/#\/schema\/logo\/image\/\"},\"sameAs\":[\"https:\/\/www.facebook.com\/EURES.GR\/\",\"https:\/\/www.youtube.com\/channel\/UCKrVFYX3wJWSmZAwQ7fMZtg\",\"https:\/\/www.linkedin.com\/company\/euresgranderegion\/\"]},{\"@type\":\"Person\",\"@id\":\"https:\/\/eures-granderegion.eu\/de\/#\/schema\/person\/fed25a72e81319960d7d7067cc4bb67c\",\"name\":\"Safa Moukadim\",\"image\":{\"@type\":\"ImageObject\",\"inLanguage\":\"de\",\"@id\":\"https:\/\/eures-granderegion.eu\/de\/#\/schema\/person\/image\/\",\"url\":\"https:\/\/secure.gravatar.com\/avatar\/cc7cc503c15ae0cb2dacf2e12363484c?s=96&d=mm&r=g\",\"contentUrl\":\"https:\/\/secure.gravatar.com\/avatar\/cc7cc503c15ae0cb2dacf2e12363484c?s=96&d=mm&r=g\",\"caption\":\"Safa Moukadim\"}}]}<\/script>\n<!-- \/ Yoast SEO plugin. -->","yoast_head_json":{"title":"Rente und Umzug in ein Nachbarland: Was sich \u00e4ndert - Eures Grande Region","robots":{"index":"index","follow":"follow","max-snippet":"max-snippet:-1","max-image-preview":"max-image-preview:large","max-video-preview":"max-video-preview:-1"},"canonical":"https:\/\/eures-granderegion.eu\/de\/2026\/08\/17\/rente-und-umzug-in-ein-nachbarland-was-sich-aendert\/","og_locale":"de_DE","og_type":"article","og_title":"Rente und Umzug in ein Nachbarland: Was sich \u00e4ndert - Eures Grande Region","og_description":"Sie planen, Ihren Wohnsitz ins Ausland zu verlegen? Dann sollten Sie wissen, dass Sie Ihre Rente grunds\u00e4tzlich auch in Ihrem neuen Wohnsitzland weiter beziehen k\u00f6nnen, sofern Sie bestimmte Formalit\u00e4ten erf\u00fcllen. Nachfolgend finden Sie die wichtigsten Auswirkungen dieses Wohnsitzwechsels. Dar\u00fcber hinaus empfehlen wir Ihnen, den folgenden Artikel zu den zust\u00e4ndigen Stellen und den erforderlichen Formalit\u00e4ten bei [&hellip;]","og_url":"https:\/\/eures-granderegion.eu\/de\/2026\/08\/17\/rente-und-umzug-in-ein-nachbarland-was-sich-aendert\/","og_site_name":"Eures Grande Region","article_publisher":"https:\/\/www.facebook.com\/EURES.GR\/","article_published_time":"2026-08-17T12:59:39+00:00","article_modified_time":"2026-08-28T13:06:39+00:00","og_image":[{"width":1600,"height":1068,"url":"https:\/\/eures-granderegion.eu\/wp-content\/uploads\/2026\/08\/retraite-demenagement-frontalier-couple-cles.jpg","type":"image\/jpeg"}],"author":"Safa Moukadim","twitter_card":"summary_large_image","twitter_misc":{"Verfasst von":"Safa Moukadim","Gesch\u00e4tzte Lesezeit":"3\u00a0Minuten"},"schema":{"@context":"https:\/\/schema.org","@graph":[{"@type":"Article","@id":"https:\/\/eures-granderegion.eu\/de\/2026\/08\/17\/rente-und-umzug-in-ein-nachbarland-was-sich-aendert\/#article","isPartOf":{"@id":"https:\/\/eures-granderegion.eu\/de\/2026\/08\/17\/rente-und-umzug-in-ein-nachbarland-was-sich-aendert\/"},"author":{"name":"Safa Moukadim","@id":"https:\/\/eures-granderegion.eu\/de\/#\/schema\/person\/fed25a72e81319960d7d7067cc4bb67c"},"headline":"Rente und Umzug in ein Nachbarland: Was sich \u00e4ndert","datePublished":"2026-08-17T12:59:39+00:00","dateModified":"2026-08-28T13:06:39+00:00","mainEntityOfPage":{"@id":"https:\/\/eures-granderegion.eu\/de\/2026\/08\/17\/rente-und-umzug-in-ein-nachbarland-was-sich-aendert\/"},"wordCount":429,"commentCount":0,"publisher":{"@id":"https:\/\/eures-granderegion.eu\/de\/#organization"},"image":{"@id":"https:\/\/eures-granderegion.eu\/de\/2026\/08\/17\/rente-und-umzug-in-ein-nachbarland-was-sich-aendert\/#primaryimage"},"thumbnailUrl":"https:\/\/eures-granderegion.eu\/wp-content\/uploads\/2026\/08\/retraite-demenagement-frontalier-couple-cles.jpg","keywords":["Arbeitnehmer","Rentner"],"articleSection":["Rentner"],"inLanguage":"de","potentialAction":[{"@type":"CommentAction","name":"Comment","target":["https:\/\/eures-granderegion.eu\/de\/2026\/08\/17\/rente-und-umzug-in-ein-nachbarland-was-sich-aendert\/#respond"]}]},{"@type":"WebPage","@id":"https:\/\/eures-granderegion.eu\/de\/2026\/08\/17\/rente-und-umzug-in-ein-nachbarland-was-sich-aendert\/","url":"https:\/\/eures-granderegion.eu\/de\/2026\/08\/17\/rente-und-umzug-in-ein-nachbarland-was-sich-aendert\/","name":"Rente und Umzug in ein Nachbarland: Was sich \u00e4ndert - Eures Grande Region","isPartOf":{"@id":"https:\/\/eures-granderegion.eu\/de\/#website"},"primaryImageOfPage":{"@id":"https:\/\/eures-granderegion.eu\/de\/2026\/08\/17\/rente-und-umzug-in-ein-nachbarland-was-sich-aendert\/#primaryimage"},"image":{"@id":"https:\/\/eures-granderegion.eu\/de\/2026\/08\/17\/rente-und-umzug-in-ein-nachbarland-was-sich-aendert\/#primaryimage"},"thumbnailUrl":"https:\/\/eures-granderegion.eu\/wp-content\/uploads\/2026\/08\/retraite-demenagement-frontalier-couple-cles.jpg","datePublished":"2026-08-17T12:59:39+00:00","dateModified":"2026-08-28T13:06:39+00:00","breadcrumb":{"@id":"https:\/\/eures-granderegion.eu\/de\/2026\/08\/17\/rente-und-umzug-in-ein-nachbarland-was-sich-aendert\/#breadcrumb"},"inLanguage":"de","potentialAction":[{"@type":"ReadAction","target":["https:\/\/eures-granderegion.eu\/de\/2026\/08\/17\/rente-und-umzug-in-ein-nachbarland-was-sich-aendert\/"]}]},{"@type":"ImageObject","inLanguage":"de","@id":"https:\/\/eures-granderegion.eu\/de\/2026\/08\/17\/rente-und-umzug-in-ein-nachbarland-was-sich-aendert\/#primaryimage","url":"https:\/\/eures-granderegion.eu\/wp-content\/uploads\/2026\/08\/retraite-demenagement-frontalier-couple-cles.jpg","contentUrl":"https:\/\/eures-granderegion.eu\/wp-content\/uploads\/2026\/08\/retraite-demenagement-frontalier-couple-cles.jpg","width":1600,"height":1068},{"@type":"BreadcrumbList","@id":"https:\/\/eures-granderegion.eu\/de\/2026\/08\/17\/rente-und-umzug-in-ein-nachbarland-was-sich-aendert\/#breadcrumb","itemListElement":[{"@type":"ListItem","position":1,"name":"Accueil","item":"https:\/\/eures-granderegion.eu\/de\/"},{"@type":"ListItem","position":2,"name":"Rente und Umzug in ein Nachbarland: Was sich \u00e4ndert"}]},{"@type":"WebSite","@id":"https:\/\/eures-granderegion.eu\/de\/#website","url":"https:\/\/eures-granderegion.eu\/de\/","name":"EURES Grande R\u00e9gion","description":"","publisher":{"@id":"https:\/\/eures-granderegion.eu\/de\/#organization"},"potentialAction":[{"@type":"SearchAction","target":{"@type":"EntryPoint","urlTemplate":"https:\/\/eures-granderegion.eu\/de\/?s={search_term_string}"},"query-input":{"@type":"PropertyValueSpecification","valueRequired":true,"valueName":"search_term_string"}}],"inLanguage":"de"},{"@type":"Organization","@id":"https:\/\/eures-granderegion.eu\/de\/#organization","name":"Eures Grande Region","url":"https:\/\/eures-granderegion.eu\/de\/","logo":{"@type":"ImageObject","inLanguage":"de","@id":"https:\/\/eures-granderegion.eu\/de\/#\/schema\/logo\/image\/","url":"https:\/\/eures-granderegion.eu\/wp-content\/uploads\/2024\/04\/EURES-GR.png","contentUrl":"https:\/\/eures-granderegion.eu\/wp-content\/uploads\/2024\/04\/EURES-GR.png","width":292,"height":161,"caption":"Eures Grande Region"},"image":{"@id":"https:\/\/eures-granderegion.eu\/de\/#\/schema\/logo\/image\/"},"sameAs":["https:\/\/www.facebook.com\/EURES.GR\/","https:\/\/www.youtube.com\/channel\/UCKrVFYX3wJWSmZAwQ7fMZtg","https:\/\/www.linkedin.com\/company\/euresgranderegion\/"]},{"@type":"Person","@id":"https:\/\/eures-granderegion.eu\/de\/#\/schema\/person\/fed25a72e81319960d7d7067cc4bb67c","name":"Safa Moukadim","image":{"@type":"ImageObject","inLanguage":"de","@id":"https:\/\/eures-granderegion.eu\/de\/#\/schema\/person\/image\/","url":"https:\/\/secure.gravatar.com\/avatar\/cc7cc503c15ae0cb2dacf2e12363484c?s=96&d=mm&r=g","contentUrl":"https:\/\/secure.gravatar.com\/avatar\/cc7cc503c15ae0cb2dacf2e12363484c?s=96&d=mm&r=g","caption":"Safa Moukadim"}}]}},"_links":{"self":[{"href":"https:\/\/eures-granderegion.eu\/de\/wp-json\/wp\/v2\/posts\/5638","targetHints":{"allow":["GET"]}}],"collection":[{"href":"https:\/\/eures-granderegion.eu\/de\/wp-json\/wp\/v2\/posts"}],"about":[{"href":"https:\/\/eures-granderegion.eu\/de\/wp-json\/wp\/v2\/types\/post"}],"author":[{"embeddable":true,"href":"https:\/\/eures-granderegion.eu\/de\/wp-json\/wp\/v2\/users\/9"}],"replies":[{"embeddable":true,"href":"https:\/\/eures-granderegion.eu\/de\/wp-json\/wp\/v2\/comments?post=5638"}],"version-history":[{"count":1,"href":"https:\/\/eures-granderegion.eu\/de\/wp-json\/wp\/v2\/posts\/5638\/revisions"}],"predecessor-version":[{"id":5639,"href":"https:\/\/eures-granderegion.eu\/de\/wp-json\/wp\/v2\/posts\/5638\/revisions\/5639"}],"wp:featuredmedia":[{"embeddable":true,"href":"https:\/\/eures-granderegion.eu\/de\/wp-json\/wp\/v2\/media\/5619"}],"wp:attachment":[{"href":"https:\/\/eures-granderegion.eu\/de\/wp-json\/wp\/v2\/media?parent=5638"}],"wp:term":[{"taxonomy":"category","embeddable":true,"href":"https:\/\/eures-granderegion.eu\/de\/wp-json\/wp\/v2\/categories?post=5638"},{"taxonomy":"post_tag","embeddable":true,"href":"https:\/\/eures-granderegion.eu\/de\/wp-json\/wp\/v2\/tags?post=5638"},{"taxonomy":"egr_territories_categories","embeddable":true,"href":"https:\/\/eures-granderegion.eu\/de\/wp-json\/wp\/v2\/territories_categories?post=5638"}],"curies":[{"name":"wp","href":"https:\/\/api.w.org\/{rel}","templated":true}]}}