{"id":5640,"date":"2026-08-24T15:07:11","date_gmt":"2026-08-24T13:07:11","guid":{"rendered":"https:\/\/eures-granderegion.eu\/?p=5640"},"modified":"2026-08-28T15:32:49","modified_gmt":"2026-08-28T13:32:49","slug":"welche-branchen-suchen-im-grand-est-und-in-den-grenzregionen-arbeitskraefte","status":"publish","type":"post","link":"https:\/\/eures-granderegion.eu\/de\/2026\/08\/24\/welche-branchen-suchen-im-grand-est-und-in-den-grenzregionen-arbeitskraefte\/","title":{"rendered":"Welche Branchen suchen im Grand Est und in den Grenzregionen Arbeitskr\u00e4fte?"},"content":{"rendered":"\n<p>Sie suchen einen Arbeitsplatz, m\u00f6chten sich beruflich neu orientieren oder sind unsicher, ob Sie eine Stelle in Frankreich oder auf der anderen Seite der Grenze annehmen sollen? Zum Herbst 2026 zeichnen die von den \u00f6ffentlichen Arbeitsverwaltungen in Frankreich, Luxemburg, Deutschland, Belgien und der Schweiz ver\u00f6ffentlichten Daten ein differenziertes Bild: Der Arbeitsmarkt verlangsamt sich insgesamt, doch in bestimmten Branchen werden weiterhin auf beiden Seiten der Grenze zahlreiche Arbeitskr\u00e4fte gesucht.<\/p>\n\n\n\n<div class=\"wp-block-eures-plugin-accordion-block\"><div class=\"accordion-top\"><p class=\"accordion-title\">In Frankreich und im Grand Est: Ein sich stabilisierender Arbeitsmarkt, aber weiterhin Engp\u00e4sse bei wichtigen Berufen<\/p><svg viewBox=\"0 0 24 24\" stroke-width=\"1.5\" fill=\"none\" xmlns=\"http:\/\/www.w3.org\/2000\/svg\" class=\"accordion-top__icon\"><path d=\"M3 12L21 12M21 12L12.5 3.5M21 12L12.5 20.5\" stroke-width=\"1.5\" stroke-linecap=\"round\" stroke-linejoin=\"round\"><\/path><\/svg><\/div><div class=\"accordion-content\">\n<p>Laut der im April ver\u00f6ffentlichten BMO-Umfrage (\u201eBesoins en Main-d\u2019\u0152uvre\u201c \u2013 Arbeitskr\u00e4ftebedarf) 2026 von France Travail haben franz\u00f6sische Arbeitgeber f\u00fcr dieses Jahr rund <strong>2,28 Millionen Einstellungsprojekte<\/strong> gemeldet. Das entspricht einem R\u00fcckgang von 6,5 % gegen\u00fcber 2025. Damit f\u00e4llt die Abschw\u00e4chung nur halb so stark aus wie im Vorjahr. Eine gute Nachricht f\u00fcr Arbeitssuchende: Die Schwierigkeiten bei der Besetzung offener Stellen nehmen deutlich ab. 43,8 % der Einstellungsprojekte werden von den Arbeitgebern als schwierig eingestuft, gegen\u00fcber 50,1 % im Jahr 2025.<\/p>\n\n\n\n<p>Das Grand Est bildet eine Ausnahme: Zusammen mit der Bretagne geh\u00f6rt die Region zu den Gebieten, in denen die Einstellungsabsichten am stabilsten bleiben. Der R\u00fcckgang betr\u00e4gt lediglich <strong>-1,1 %<\/strong>, gegen\u00fcber -6,5 % auf nationaler Ebene.<\/p>\n\n\n\n<h3 class=\"wp-block-heading\">Die Branchen mit den besten Besch\u00e4ftigungsperspektiven 2026:<\/h3>\n\n\n\n<ul class=\"wp-block-list\">\n<li><strong>Gesundheit, Soziales und personenbezogene Dienstleistungen:<\/strong> rund 320.000 Einstellungsprojekte. Die Branche geh\u00f6rt zu den wenigen, in denen die Nachfrage steigt (+0,4 %). Mehr als jedes zweite Projekt (54 %) gilt als schwer zu besetzen. Pflegekr\u00e4fte, Krankenpfleger und Altenpfleger bzw. Betreuungskr\u00e4fte geh\u00f6ren zu den besonders gefragten Profilen: Bis 2030 sollen in diesem Bereich <strong>500.000 Stellen<\/strong> besetzt werden.<\/li>\n\n\n\n<li><strong>Gastgewerbe und Gastronomie:<\/strong> rund 320.000 Einstellungsprojekte. K\u00fcchenhilfen und polyvalente Mitarbeiter geh\u00f6ren landesweit zu den am st\u00e4rksten gesuchten Berufen (97.100 Projekte).<\/li>\n\n\n\n<li><strong>Baugewerbe und Bauwesen:<\/strong> rund 143.000 Einstellungsprojekte, jedoch mit der h\u00f6chsten Besetzungsschwierigkeit aller Branchen (65 %). Die Nachfrage wird insbesondere durch die energetische Sanierung und gro\u00dfe Infrastrukturprojekte getragen.<\/li>\n\n\n\n<li><strong>Industrie:<\/strong> Mit einem R\u00fcckgang von nur 2,4 % verzeichnet die Industrie den geringsten R\u00fcckgang unter den gro\u00dfen Branchen. Besonders stark w\u00e4chst der Bedarf in den Bereichen Rohstoffgewinnung, Energie und Abfallwirtschaft (+24,8 %). Schwei\u00dfer, Instandhaltungstechniker und Kessel- bzw. Apparatebauer werden besonders gesucht.<\/li>\n<\/ul>\n\n\n\n<p><strong>Gut zu wissen:<\/strong> 41 % der Einstellungsprojekte im Jahr 2026 betreffen unbefristete Arbeitsvertr\u00e4ge (CDI). In der Industrie liegt dieser Anteil sogar noch h\u00f6her.<\/p>\n\n\n\n<ul class=\"wp-block-list\">\n<li>Die detaillierten Ergebnisse nach Arbeitsmarktregionen im Grand Est (Thionville, Forbach, Sarreguemines, Stra\u00dfburg, Mulhouse, Saint-Louis, Longwy \u2026) k\u00f6nnen auf <strong>statistiques.francetravail.org\/bmo<\/strong> eingesehen werden.<\/li>\n<\/ul>\n<\/div><\/div>\n\n\n\n<div class=\"wp-block-eures-plugin-accordion-block\"><div class=\"accordion-top\"><p class=\"accordion-title\">In Luxemburg: 20 \u201eMangelberufe\u201c im Jahr 2026<\/p><svg viewBox=\"0 0 24 24\" stroke-width=\"1.5\" fill=\"none\" xmlns=\"http:\/\/www.w3.org\/2000\/svg\" class=\"accordion-top__icon\"><path d=\"M3 12L21 12M21 12L12.5 3.5M21 12L12.5 20.5\" stroke-width=\"1.5\" stroke-linecap=\"round\" stroke-linejoin=\"round\"><\/path><\/svg><\/div><div class=\"accordion-content\">\n<p>Die ADEM hat Ende M\u00e4rz ihre Liste der <strong>\u201eMangelberufe\u201c 2026<\/strong> (Referenzjahr 2025) ver\u00f6ffentlicht, die im Amtsblatt ver\u00f6ffentlicht wurde. Sie umfasst nun <strong>20 Berufe<\/strong>, gegen\u00fcber 22 im Jahr 2025, 24 im Jahr 2024 und 30 im Jahr 2023.<\/p>\n\n\n\n<p>Besonders gute Besch\u00e4ftigungsperspektiven gibt es weiterhin in den Bereichen <strong>Soziales, Gesundheit, Gastronomie sowie in bestimmten spezialisierten Verwaltungs- und Finanzberufen<\/strong>. Zu den besonders stark nachgefragten Mangelberufen geh\u00f6ren Erzieher f\u00fcr Kleinkinder, Krankenpfleger und K\u00f6che sowie hoch spezialisierte Finanzprofile wie Fondsbuchhalter oder Interne Revisoren.<\/p>\n\n\n\n<p>Neu auf der Liste 2026 sind unter anderem mehrere Berufe aus dem Bereich <strong>Bauwesen und Ausbaugewerbe<\/strong> (Dachdecker und Dachsanierung), der <strong>Industrie<\/strong> (Management und industrielle Qualit\u00e4tstechnik) sowie der <strong>Installation und Wartung von Industrieanlagen<\/strong>.<\/p>\n\n\n\n<p>Umgekehrt wurden Buchhalter, Controller und Organisationsberater von der Liste gestrichen. Diese Berufe bleiben zwar weiterhin gefragt, das Ungleichgewicht zwischen offenen Stellen und verf\u00fcgbaren Bewerbern hat sich jedoch verringert.<\/p>\n\n\n\n<p>Auf Seiten der Arbeitssuchenden ist hingegen eine Entwicklung in bestimmten terti\u00e4ren Branchen zu beachten: Laut STATEC gibt es Anfang 2026 in den Bereichen Sekretariat\/Verwaltung, Buchhaltung und IT mehr Arbeitssuchende als offene Stellen. Dabei handelt es sich um Branchen, die im Gro\u00dfherzogtum fr\u00fcher besonders gute Besch\u00e4ftigungsperspektiven boten.<\/p>\n<\/div><\/div>\n\n\n\n<div class=\"wp-block-eures-plugin-accordion-block\"><div class=\"accordion-top\"><p class=\"accordion-title\">In Deutschland: Der Fachkr\u00e4ftemangel bleibt gro\u00df<\/p><svg viewBox=\"0 0 24 24\" stroke-width=\"1.5\" fill=\"none\" xmlns=\"http:\/\/www.w3.org\/2000\/svg\" class=\"accordion-top__icon\"><path d=\"M3 12L21 12M21 12L12.5 3.5M21 12L12.5 20.5\" stroke-width=\"1.5\" stroke-linecap=\"round\" stroke-linejoin=\"round\"><\/path><\/svg><\/div><div class=\"accordion-content\">\n<p>Trotz der schwachen Konjunktur herrscht in Deutschland weiterhin ein struktureller Mangel an Fachkr\u00e4ften. Die j\u00e4hrliche <strong>Engpassanalyse<\/strong> der Bundesagentur f\u00fcr Arbeit weist rund <strong>163 Engpassberufe<\/strong> aus. Die Zahl der offenen Stellen im Land wird auf mehr als eine Million gesch\u00e4tzt.<\/p>\n\n\n\n<h3 class=\"wp-block-heading\">Besonders gefragte Branchen:<\/h3>\n\n\n\n<ul class=\"wp-block-list\">\n<li><strong>Gesundheit und Pflege:<\/strong> Krankenpfleger, Pflegefachkr\u00e4fte, \u00c4rzte \u2013 der Bedarf ist strukturell und betrifft unmittelbar die Grenzregionen (Saarland, Rheinland-Pfalz, Baden-W\u00fcrttemberg).<\/li>\n\n\n\n<li><strong>Technische Berufe und qualifiziertes Handwerk:<\/strong> Elektriker, Anlagenmechaniker f\u00fcr Sanit\u00e4r-, Heizungs- und Klimatechnik sowie Berufe im Baugewerbe.<\/li>\n\n\n\n<li><strong>IT:<\/strong> Softwareentwicklung, Cloud und Cybersicherheit. IT-Spezialisten k\u00f6nnen unter bestimmten Voraussetzungen sogar ohne formalen Hochschulabschluss eine <strong>EU-Blaue Karte<\/strong> erhalten, wenn sie \u00fcber entsprechende Berufserfahrung verf\u00fcgen.<\/li>\n\n\n\n<li><strong>Ingenieurwesen, Transport und Logistik.<\/strong><\/li>\n<\/ul>\n\n\n\n<p>F\u00fcr franz\u00f6sische Grenzg\u00e4nger bleibt die <strong>Beherrschung der deutschen Sprache<\/strong> ein entscheidender Faktor: Der Bedarf ist vorhanden, doch deutsche Arbeitgeber verlangen in der \u00fcberwiegenden Mehrheit der F\u00e4lle ausreichende bzw. beruflich anwendbare Deutschkenntnisse. Auch die Anerkennung von Abschl\u00fcssen, insbesondere im Gesundheitsbereich, sollte rechtzeitig gepr\u00fcft werden.<\/p>\n<\/div><\/div>\n\n\n\n<div class=\"wp-block-eures-plugin-accordion-block\"><div class=\"accordion-top\"><p class=\"accordion-title\">In Belgien: 144 Mangelberufe in Wallonien<\/p><svg viewBox=\"0 0 24 24\" stroke-width=\"1.5\" fill=\"none\" xmlns=\"http:\/\/www.w3.org\/2000\/svg\" class=\"accordion-top__icon\"><path d=\"M3 12L21 12M21 12L12.5 3.5M21 12L12.5 20.5\" stroke-width=\"1.5\" stroke-linecap=\"round\" stroke-linejoin=\"round\"><\/path><\/svg><\/div><div class=\"accordion-content\">\n<p>Le Forem hat am 1. Juli 2026 seine neue Liste der <strong>Mangelberufe<\/strong> ver\u00f6ffentlicht: In Wallonien sind <strong>144 Berufe<\/strong> betroffen, darunter 69 neue T\u00e4tigkeitsprofile. Achtung: Die Methodik wurde in diesem Jahr ge\u00e4ndert. Die Analyse basiert nun auf der wallonischen Erhebung zum Arbeitskr\u00e4ftebedarf und einem neuen \u201eKritikalit\u00e4tsindex\u201c. Vergleiche mit 2025 sind daher nur eingeschr\u00e4nkt m\u00f6glich.<\/p>\n\n\n\n<p>Das <strong>Baugewerbe<\/strong> bleibt der am st\u00e4rksten betroffene Bereich mit 38 Mangelberufen (Maurer, Dachdecker, Heizungsinstallateure, Elektriker, Bauleiter, Architekten und Berufe im Bereich der energetischen Sanierung). Es folgen die <strong>technologische Industrie<\/strong> sowie <strong>Gesundheit und soziale Dienste<\/strong> mit jeweils 19 Mangelberufen.<\/p>\n\n\n\n<p>Die Liste der Berufe mit dem h\u00f6chsten Kritikalit\u00e4tsgrad zeigt diese doppelte Dominanz von Pflege und Bau besonders deutlich: Haushaltshilfen, Apotheker, Dachdecker, pharmazeutisch-technische Assistenten, Familienhelfer, Busfahrer, Sicherheitsmitarbeiter, Pflegehelfer, Maurer und Krankenpfleger geh\u00f6ren zu den besonders kritischen Berufen.<\/p>\n\n\n\n<p>In Br\u00fcssel f\u00fchrt Actiris seinerseits <strong>103 kritische Berufe<\/strong> auf \u2013 von Gastronomie und Hotellerie \u00fcber Versicherungen bis hin zu technischen Berufen und dem Baugewerbe.<\/p>\n\n\n\n<p>F\u00fcr die Bewohner der Ardennen, der Maas und des Departements Meurthe-et-Moselle sind diese Listen ein guter Indikator f\u00fcr die Besch\u00e4ftigungsm\u00f6glichkeiten auf der belgischen Seite der Grenze. Denn die Einstufung als Mangelberuf kann Arbeitssuchenden in Belgien den Zugang zu bestimmten <strong>Weiterbildungs- oder F\u00f6rderma\u00dfnahmen<\/strong> erm\u00f6glichen.<\/p>\n<\/div><\/div>\n\n\n\n<h2 class=\"wp-block-heading\"><strong>Fazit<\/strong><\/h2>\n\n\n\n<p>Von einem Ende der Gro\u00dfregion bis zum gesamten Grenzraum zeichnen sich zwei wesentliche Gemeinsamkeiten ab:<\/p>\n\n\n\n<ol start=\"1\" class=\"wp-block-list\">\n<li><strong>Berufe im Pflege- und Betreuungsbereich<\/strong> (Krankenpfleger, Pflegehelfer, Haushaltshilfen, Erzieher) sind \u00fcberall Mangelberufe \u2013 in Frankreich, Luxemburg, Deutschland, Belgien und der Schweiz. Die alternde Bev\u00f6lkerung macht diese Berufe weitgehend \u201ekrisensicher\u201c. Allerdings unterscheiden sich die Zugangsvoraussetzungen je nach Land (insbesondere Sprachkenntnisse in Deutschland und Luxemburg, Anerkennung von Abschl\u00fcssen und Berufszulassung).<\/li>\n\n\n\n<li><strong>Das Baugewerbe und technische Berufe<\/strong> (Dachdecker, Elektriker, Heizungsinstallateure, industrielle Instandhaltung, Bauleitung) stehen ebenfalls in allen Engpasslisten. Ein wesentlicher Treiber ist insbesondere die energetische Sanierung.<\/li>\n<\/ol>\n\n\n\n<p>Im Gegensatz dazu nimmt der Fachkr\u00e4fteengpass bei <strong>Verwaltungs- und Buchhaltungsberufen sowie bei einem Teil der IT-Berufe<\/strong> in mehreren Arbeitsm\u00e4rkten (Luxemburg, Schweiz) ab \u2013 unter dem Einfluss der konjunkturellen Entwicklung und der zunehmenden Automatisierung.<\/p>\n\n\n\n<p>Bevor Sie sich auf der anderen Seite der Grenze bewerben, sollten Sie pr\u00fcfen, welche Auswirkungen Ihre Situation auf <strong>Sozialversicherung, Steuern und Arbeitslosenversicherung<\/strong> hat. Wir sind f\u00fcr Ihre Fragen da!<\/p>\n","protected":false},"excerpt":{"rendered":"<p>Sie suchen einen Arbeitsplatz, m\u00f6chten sich beruflich neu orientieren oder sind unsicher, ob Sie eine Stelle in Frankreich oder auf der anderen Seite der Grenze annehmen sollen? Zum Herbst 2026 zeichnen die von den \u00f6ffentlichen Arbeitsverwaltungen in Frankreich, Luxemburg, Deutschland, Belgien und der Schweiz ver\u00f6ffentlichten Daten ein differenziertes Bild: Der Arbeitsmarkt verlangsamt sich insgesamt, doch [&hellip;]<\/p>\n","protected":false},"author":9,"featured_media":5625,"comment_status":"open","ping_status":"open","sticky":false,"template":"","format":"standard","meta":{"footnotes":""},"categories":[227],"tags":[238,226],"territories_categories":[220,62,113,106,118,122,128],"class_list":["post-5640","post","type-post","status-publish","format-standard","has-post-thumbnail","hentry","category-arbeitnehmer","tag-arbeit","tag-arbeitnehmer"],"yoast_head":"<!-- This site is optimized with the Yoast SEO plugin v24.2 - https:\/\/yoast.com\/wordpress\/plugins\/seo\/ -->\n<title>Welche Branchen suchen im Grand Est und in den Grenzregionen Arbeitskr\u00e4fte? - Eures Grande Region<\/title>\n<meta name=\"robots\" content=\"index, follow, max-snippet:-1, max-image-preview:large, max-video-preview:-1\" \/>\n<link rel=\"canonical\" href=\"https:\/\/eures-granderegion.eu\/de\/2026\/08\/24\/welche-branchen-suchen-im-grand-est-und-in-den-grenzregionen-arbeitskraefte\/\" \/>\n<meta property=\"og:locale\" content=\"de_DE\" \/>\n<meta property=\"og:type\" content=\"article\" \/>\n<meta property=\"og:title\" content=\"Welche Branchen suchen im Grand Est und in den Grenzregionen Arbeitskr\u00e4fte? - Eures Grande Region\" \/>\n<meta property=\"og:description\" content=\"Sie suchen einen Arbeitsplatz, m\u00f6chten sich beruflich neu orientieren oder sind unsicher, ob Sie eine Stelle in Frankreich oder auf der anderen Seite der Grenze annehmen sollen? Zum Herbst 2026 zeichnen die von den \u00f6ffentlichen Arbeitsverwaltungen in Frankreich, Luxemburg, Deutschland, Belgien und der Schweiz ver\u00f6ffentlichten Daten ein differenziertes Bild: Der Arbeitsmarkt verlangsamt sich insgesamt, doch [&hellip;]\" \/>\n<meta property=\"og:url\" content=\"https:\/\/eures-granderegion.eu\/de\/2026\/08\/24\/welche-branchen-suchen-im-grand-est-und-in-den-grenzregionen-arbeitskraefte\/\" \/>\n<meta property=\"og:site_name\" content=\"Eures Grande Region\" \/>\n<meta property=\"article:publisher\" content=\"https:\/\/www.facebook.com\/EURES.GR\/\" \/>\n<meta property=\"article:published_time\" content=\"2026-08-24T13:07:11+00:00\" \/>\n<meta property=\"article:modified_time\" content=\"2026-08-28T13:32:49+00:00\" \/>\n<meta property=\"og:image\" content=\"https:\/\/eures-granderegion.eu\/wp-content\/uploads\/2026\/08\/secteurs-qui-recrutent-entretien-embauche.jpg\" \/>\n\t<meta property=\"og:image:width\" content=\"1600\" \/>\n\t<meta property=\"og:image:height\" content=\"1067\" \/>\n\t<meta property=\"og:image:type\" content=\"image\/jpeg\" \/>\n<meta name=\"author\" content=\"Safa Moukadim\" \/>\n<meta name=\"twitter:card\" content=\"summary_large_image\" \/>\n<meta name=\"twitter:label1\" content=\"Verfasst von\" \/>\n\t<meta name=\"twitter:data1\" content=\"Safa Moukadim\" \/>\n\t<meta name=\"twitter:label2\" content=\"Gesch\u00e4tzte Lesezeit\" \/>\n\t<meta name=\"twitter:data2\" content=\"6\u00a0Minuten\" \/>\n<script type=\"application\/ld+json\" class=\"yoast-schema-graph\">{\"@context\":\"https:\/\/schema.org\",\"@graph\":[{\"@type\":\"Article\",\"@id\":\"https:\/\/eures-granderegion.eu\/de\/2026\/08\/24\/welche-branchen-suchen-im-grand-est-und-in-den-grenzregionen-arbeitskraefte\/#article\",\"isPartOf\":{\"@id\":\"https:\/\/eures-granderegion.eu\/de\/2026\/08\/24\/welche-branchen-suchen-im-grand-est-und-in-den-grenzregionen-arbeitskraefte\/\"},\"author\":{\"name\":\"Safa Moukadim\",\"@id\":\"https:\/\/eures-granderegion.eu\/de\/#\/schema\/person\/fed25a72e81319960d7d7067cc4bb67c\"},\"headline\":\"Welche Branchen suchen im Grand Est und in den Grenzregionen Arbeitskr\u00e4fte?\",\"datePublished\":\"2026-08-24T13:07:11+00:00\",\"dateModified\":\"2026-08-28T13:32:49+00:00\",\"mainEntityOfPage\":{\"@id\":\"https:\/\/eures-granderegion.eu\/de\/2026\/08\/24\/welche-branchen-suchen-im-grand-est-und-in-den-grenzregionen-arbeitskraefte\/\"},\"wordCount\":1137,\"commentCount\":0,\"publisher\":{\"@id\":\"https:\/\/eures-granderegion.eu\/de\/#organization\"},\"image\":{\"@id\":\"https:\/\/eures-granderegion.eu\/de\/2026\/08\/24\/welche-branchen-suchen-im-grand-est-und-in-den-grenzregionen-arbeitskraefte\/#primaryimage\"},\"thumbnailUrl\":\"https:\/\/eures-granderegion.eu\/wp-content\/uploads\/2026\/08\/secteurs-qui-recrutent-entretien-embauche.jpg\",\"keywords\":[\"Arbeit\",\"Arbeitnehmer\"],\"articleSection\":[\"Arbeitnehmer\"],\"inLanguage\":\"de\",\"potentialAction\":[{\"@type\":\"CommentAction\",\"name\":\"Comment\",\"target\":[\"https:\/\/eures-granderegion.eu\/de\/2026\/08\/24\/welche-branchen-suchen-im-grand-est-und-in-den-grenzregionen-arbeitskraefte\/#respond\"]}]},{\"@type\":\"WebPage\",\"@id\":\"https:\/\/eures-granderegion.eu\/de\/2026\/08\/24\/welche-branchen-suchen-im-grand-est-und-in-den-grenzregionen-arbeitskraefte\/\",\"url\":\"https:\/\/eures-granderegion.eu\/de\/2026\/08\/24\/welche-branchen-suchen-im-grand-est-und-in-den-grenzregionen-arbeitskraefte\/\",\"name\":\"Welche Branchen suchen im Grand Est und in den Grenzregionen Arbeitskr\u00e4fte? - Eures Grande Region\",\"isPartOf\":{\"@id\":\"https:\/\/eures-granderegion.eu\/de\/#website\"},\"primaryImageOfPage\":{\"@id\":\"https:\/\/eures-granderegion.eu\/de\/2026\/08\/24\/welche-branchen-suchen-im-grand-est-und-in-den-grenzregionen-arbeitskraefte\/#primaryimage\"},\"image\":{\"@id\":\"https:\/\/eures-granderegion.eu\/de\/2026\/08\/24\/welche-branchen-suchen-im-grand-est-und-in-den-grenzregionen-arbeitskraefte\/#primaryimage\"},\"thumbnailUrl\":\"https:\/\/eures-granderegion.eu\/wp-content\/uploads\/2026\/08\/secteurs-qui-recrutent-entretien-embauche.jpg\",\"datePublished\":\"2026-08-24T13:07:11+00:00\",\"dateModified\":\"2026-08-28T13:32:49+00:00\",\"breadcrumb\":{\"@id\":\"https:\/\/eures-granderegion.eu\/de\/2026\/08\/24\/welche-branchen-suchen-im-grand-est-und-in-den-grenzregionen-arbeitskraefte\/#breadcrumb\"},\"inLanguage\":\"de\",\"potentialAction\":[{\"@type\":\"ReadAction\",\"target\":[\"https:\/\/eures-granderegion.eu\/de\/2026\/08\/24\/welche-branchen-suchen-im-grand-est-und-in-den-grenzregionen-arbeitskraefte\/\"]}]},{\"@type\":\"ImageObject\",\"inLanguage\":\"de\",\"@id\":\"https:\/\/eures-granderegion.eu\/de\/2026\/08\/24\/welche-branchen-suchen-im-grand-est-und-in-den-grenzregionen-arbeitskraefte\/#primaryimage\",\"url\":\"https:\/\/eures-granderegion.eu\/wp-content\/uploads\/2026\/08\/secteurs-qui-recrutent-entretien-embauche.jpg\",\"contentUrl\":\"https:\/\/eures-granderegion.eu\/wp-content\/uploads\/2026\/08\/secteurs-qui-recrutent-entretien-embauche.jpg\",\"width\":1600,\"height\":1067},{\"@type\":\"BreadcrumbList\",\"@id\":\"https:\/\/eures-granderegion.eu\/de\/2026\/08\/24\/welche-branchen-suchen-im-grand-est-und-in-den-grenzregionen-arbeitskraefte\/#breadcrumb\",\"itemListElement\":[{\"@type\":\"ListItem\",\"position\":1,\"name\":\"Accueil\",\"item\":\"https:\/\/eures-granderegion.eu\/de\/\"},{\"@type\":\"ListItem\",\"position\":2,\"name\":\"Welche Branchen suchen im Grand Est und in den Grenzregionen Arbeitskr\u00e4fte?\"}]},{\"@type\":\"WebSite\",\"@id\":\"https:\/\/eures-granderegion.eu\/de\/#website\",\"url\":\"https:\/\/eures-granderegion.eu\/de\/\",\"name\":\"EURES Grande R\u00e9gion\",\"description\":\"\",\"publisher\":{\"@id\":\"https:\/\/eures-granderegion.eu\/de\/#organization\"},\"potentialAction\":[{\"@type\":\"SearchAction\",\"target\":{\"@type\":\"EntryPoint\",\"urlTemplate\":\"https:\/\/eures-granderegion.eu\/de\/?s={search_term_string}\"},\"query-input\":{\"@type\":\"PropertyValueSpecification\",\"valueRequired\":true,\"valueName\":\"search_term_string\"}}],\"inLanguage\":\"de\"},{\"@type\":\"Organization\",\"@id\":\"https:\/\/eures-granderegion.eu\/de\/#organization\",\"name\":\"Eures Grande Region\",\"url\":\"https:\/\/eures-granderegion.eu\/de\/\",\"logo\":{\"@type\":\"ImageObject\",\"inLanguage\":\"de\",\"@id\":\"https:\/\/eures-granderegion.eu\/de\/#\/schema\/logo\/image\/\",\"url\":\"https:\/\/eures-granderegion.eu\/wp-content\/uploads\/2024\/04\/EURES-GR.png\",\"contentUrl\":\"https:\/\/eures-granderegion.eu\/wp-content\/uploads\/2024\/04\/EURES-GR.png\",\"width\":292,\"height\":161,\"caption\":\"Eures Grande Region\"},\"image\":{\"@id\":\"https:\/\/eures-granderegion.eu\/de\/#\/schema\/logo\/image\/\"},\"sameAs\":[\"https:\/\/www.facebook.com\/EURES.GR\/\",\"https:\/\/www.youtube.com\/channel\/UCKrVFYX3wJWSmZAwQ7fMZtg\",\"https:\/\/www.linkedin.com\/company\/euresgranderegion\/\"]},{\"@type\":\"Person\",\"@id\":\"https:\/\/eures-granderegion.eu\/de\/#\/schema\/person\/fed25a72e81319960d7d7067cc4bb67c\",\"name\":\"Safa Moukadim\",\"image\":{\"@type\":\"ImageObject\",\"inLanguage\":\"de\",\"@id\":\"https:\/\/eures-granderegion.eu\/de\/#\/schema\/person\/image\/\",\"url\":\"https:\/\/secure.gravatar.com\/avatar\/cc7cc503c15ae0cb2dacf2e12363484c?s=96&d=mm&r=g\",\"contentUrl\":\"https:\/\/secure.gravatar.com\/avatar\/cc7cc503c15ae0cb2dacf2e12363484c?s=96&d=mm&r=g\",\"caption\":\"Safa Moukadim\"}}]}<\/script>\n<!-- \/ Yoast SEO plugin. -->","yoast_head_json":{"title":"Welche Branchen suchen im Grand Est und in den Grenzregionen Arbeitskr\u00e4fte? - Eures Grande Region","robots":{"index":"index","follow":"follow","max-snippet":"max-snippet:-1","max-image-preview":"max-image-preview:large","max-video-preview":"max-video-preview:-1"},"canonical":"https:\/\/eures-granderegion.eu\/de\/2026\/08\/24\/welche-branchen-suchen-im-grand-est-und-in-den-grenzregionen-arbeitskraefte\/","og_locale":"de_DE","og_type":"article","og_title":"Welche Branchen suchen im Grand Est und in den Grenzregionen Arbeitskr\u00e4fte? - Eures Grande Region","og_description":"Sie suchen einen Arbeitsplatz, m\u00f6chten sich beruflich neu orientieren oder sind unsicher, ob Sie eine Stelle in Frankreich oder auf der anderen Seite der Grenze annehmen sollen? Zum Herbst 2026 zeichnen die von den \u00f6ffentlichen Arbeitsverwaltungen in Frankreich, Luxemburg, Deutschland, Belgien und der Schweiz ver\u00f6ffentlichten Daten ein differenziertes Bild: Der Arbeitsmarkt verlangsamt sich insgesamt, doch [&hellip;]","og_url":"https:\/\/eures-granderegion.eu\/de\/2026\/08\/24\/welche-branchen-suchen-im-grand-est-und-in-den-grenzregionen-arbeitskraefte\/","og_site_name":"Eures Grande Region","article_publisher":"https:\/\/www.facebook.com\/EURES.GR\/","article_published_time":"2026-08-24T13:07:11+00:00","article_modified_time":"2026-08-28T13:32:49+00:00","og_image":[{"width":1600,"height":1067,"url":"https:\/\/eures-granderegion.eu\/wp-content\/uploads\/2026\/08\/secteurs-qui-recrutent-entretien-embauche.jpg","type":"image\/jpeg"}],"author":"Safa Moukadim","twitter_card":"summary_large_image","twitter_misc":{"Verfasst von":"Safa Moukadim","Gesch\u00e4tzte Lesezeit":"6\u00a0Minuten"},"schema":{"@context":"https:\/\/schema.org","@graph":[{"@type":"Article","@id":"https:\/\/eures-granderegion.eu\/de\/2026\/08\/24\/welche-branchen-suchen-im-grand-est-und-in-den-grenzregionen-arbeitskraefte\/#article","isPartOf":{"@id":"https:\/\/eures-granderegion.eu\/de\/2026\/08\/24\/welche-branchen-suchen-im-grand-est-und-in-den-grenzregionen-arbeitskraefte\/"},"author":{"name":"Safa Moukadim","@id":"https:\/\/eures-granderegion.eu\/de\/#\/schema\/person\/fed25a72e81319960d7d7067cc4bb67c"},"headline":"Welche Branchen suchen im Grand Est und in den Grenzregionen Arbeitskr\u00e4fte?","datePublished":"2026-08-24T13:07:11+00:00","dateModified":"2026-08-28T13:32:49+00:00","mainEntityOfPage":{"@id":"https:\/\/eures-granderegion.eu\/de\/2026\/08\/24\/welche-branchen-suchen-im-grand-est-und-in-den-grenzregionen-arbeitskraefte\/"},"wordCount":1137,"commentCount":0,"publisher":{"@id":"https:\/\/eures-granderegion.eu\/de\/#organization"},"image":{"@id":"https:\/\/eures-granderegion.eu\/de\/2026\/08\/24\/welche-branchen-suchen-im-grand-est-und-in-den-grenzregionen-arbeitskraefte\/#primaryimage"},"thumbnailUrl":"https:\/\/eures-granderegion.eu\/wp-content\/uploads\/2026\/08\/secteurs-qui-recrutent-entretien-embauche.jpg","keywords":["Arbeit","Arbeitnehmer"],"articleSection":["Arbeitnehmer"],"inLanguage":"de","potentialAction":[{"@type":"CommentAction","name":"Comment","target":["https:\/\/eures-granderegion.eu\/de\/2026\/08\/24\/welche-branchen-suchen-im-grand-est-und-in-den-grenzregionen-arbeitskraefte\/#respond"]}]},{"@type":"WebPage","@id":"https:\/\/eures-granderegion.eu\/de\/2026\/08\/24\/welche-branchen-suchen-im-grand-est-und-in-den-grenzregionen-arbeitskraefte\/","url":"https:\/\/eures-granderegion.eu\/de\/2026\/08\/24\/welche-branchen-suchen-im-grand-est-und-in-den-grenzregionen-arbeitskraefte\/","name":"Welche Branchen suchen im Grand Est und in den Grenzregionen Arbeitskr\u00e4fte? - Eures Grande Region","isPartOf":{"@id":"https:\/\/eures-granderegion.eu\/de\/#website"},"primaryImageOfPage":{"@id":"https:\/\/eures-granderegion.eu\/de\/2026\/08\/24\/welche-branchen-suchen-im-grand-est-und-in-den-grenzregionen-arbeitskraefte\/#primaryimage"},"image":{"@id":"https:\/\/eures-granderegion.eu\/de\/2026\/08\/24\/welche-branchen-suchen-im-grand-est-und-in-den-grenzregionen-arbeitskraefte\/#primaryimage"},"thumbnailUrl":"https:\/\/eures-granderegion.eu\/wp-content\/uploads\/2026\/08\/secteurs-qui-recrutent-entretien-embauche.jpg","datePublished":"2026-08-24T13:07:11+00:00","dateModified":"2026-08-28T13:32:49+00:00","breadcrumb":{"@id":"https:\/\/eures-granderegion.eu\/de\/2026\/08\/24\/welche-branchen-suchen-im-grand-est-und-in-den-grenzregionen-arbeitskraefte\/#breadcrumb"},"inLanguage":"de","potentialAction":[{"@type":"ReadAction","target":["https:\/\/eures-granderegion.eu\/de\/2026\/08\/24\/welche-branchen-suchen-im-grand-est-und-in-den-grenzregionen-arbeitskraefte\/"]}]},{"@type":"ImageObject","inLanguage":"de","@id":"https:\/\/eures-granderegion.eu\/de\/2026\/08\/24\/welche-branchen-suchen-im-grand-est-und-in-den-grenzregionen-arbeitskraefte\/#primaryimage","url":"https:\/\/eures-granderegion.eu\/wp-content\/uploads\/2026\/08\/secteurs-qui-recrutent-entretien-embauche.jpg","contentUrl":"https:\/\/eures-granderegion.eu\/wp-content\/uploads\/2026\/08\/secteurs-qui-recrutent-entretien-embauche.jpg","width":1600,"height":1067},{"@type":"BreadcrumbList","@id":"https:\/\/eures-granderegion.eu\/de\/2026\/08\/24\/welche-branchen-suchen-im-grand-est-und-in-den-grenzregionen-arbeitskraefte\/#breadcrumb","itemListElement":[{"@type":"ListItem","position":1,"name":"Accueil","item":"https:\/\/eures-granderegion.eu\/de\/"},{"@type":"ListItem","position":2,"name":"Welche Branchen suchen im Grand Est und in den Grenzregionen Arbeitskr\u00e4fte?"}]},{"@type":"WebSite","@id":"https:\/\/eures-granderegion.eu\/de\/#website","url":"https:\/\/eures-granderegion.eu\/de\/","name":"EURES Grande R\u00e9gion","description":"","publisher":{"@id":"https:\/\/eures-granderegion.eu\/de\/#organization"},"potentialAction":[{"@type":"SearchAction","target":{"@type":"EntryPoint","urlTemplate":"https:\/\/eures-granderegion.eu\/de\/?s={search_term_string}"},"query-input":{"@type":"PropertyValueSpecification","valueRequired":true,"valueName":"search_term_string"}}],"inLanguage":"de"},{"@type":"Organization","@id":"https:\/\/eures-granderegion.eu\/de\/#organization","name":"Eures Grande Region","url":"https:\/\/eures-granderegion.eu\/de\/","logo":{"@type":"ImageObject","inLanguage":"de","@id":"https:\/\/eures-granderegion.eu\/de\/#\/schema\/logo\/image\/","url":"https:\/\/eures-granderegion.eu\/wp-content\/uploads\/2024\/04\/EURES-GR.png","contentUrl":"https:\/\/eures-granderegion.eu\/wp-content\/uploads\/2024\/04\/EURES-GR.png","width":292,"height":161,"caption":"Eures Grande Region"},"image":{"@id":"https:\/\/eures-granderegion.eu\/de\/#\/schema\/logo\/image\/"},"sameAs":["https:\/\/www.facebook.com\/EURES.GR\/","https:\/\/www.youtube.com\/channel\/UCKrVFYX3wJWSmZAwQ7fMZtg","https:\/\/www.linkedin.com\/company\/euresgranderegion\/"]},{"@type":"Person","@id":"https:\/\/eures-granderegion.eu\/de\/#\/schema\/person\/fed25a72e81319960d7d7067cc4bb67c","name":"Safa Moukadim","image":{"@type":"ImageObject","inLanguage":"de","@id":"https:\/\/eures-granderegion.eu\/de\/#\/schema\/person\/image\/","url":"https:\/\/secure.gravatar.com\/avatar\/cc7cc503c15ae0cb2dacf2e12363484c?s=96&d=mm&r=g","contentUrl":"https:\/\/secure.gravatar.com\/avatar\/cc7cc503c15ae0cb2dacf2e12363484c?s=96&d=mm&r=g","caption":"Safa Moukadim"}}]}},"_links":{"self":[{"href":"https:\/\/eures-granderegion.eu\/de\/wp-json\/wp\/v2\/posts\/5640","targetHints":{"allow":["GET"]}}],"collection":[{"href":"https:\/\/eures-granderegion.eu\/de\/wp-json\/wp\/v2\/posts"}],"about":[{"href":"https:\/\/eures-granderegion.eu\/de\/wp-json\/wp\/v2\/types\/post"}],"author":[{"embeddable":true,"href":"https:\/\/eures-granderegion.eu\/de\/wp-json\/wp\/v2\/users\/9"}],"replies":[{"embeddable":true,"href":"https:\/\/eures-granderegion.eu\/de\/wp-json\/wp\/v2\/comments?post=5640"}],"version-history":[{"count":1,"href":"https:\/\/eures-granderegion.eu\/de\/wp-json\/wp\/v2\/posts\/5640\/revisions"}],"predecessor-version":[{"id":5641,"href":"https:\/\/eures-granderegion.eu\/de\/wp-json\/wp\/v2\/posts\/5640\/revisions\/5641"}],"wp:featuredmedia":[{"embeddable":true,"href":"https:\/\/eures-granderegion.eu\/de\/wp-json\/wp\/v2\/media\/5625"}],"wp:attachment":[{"href":"https:\/\/eures-granderegion.eu\/de\/wp-json\/wp\/v2\/media?parent=5640"}],"wp:term":[{"taxonomy":"category","embeddable":true,"href":"https:\/\/eures-granderegion.eu\/de\/wp-json\/wp\/v2\/categories?post=5640"},{"taxonomy":"post_tag","embeddable":true,"href":"https:\/\/eures-granderegion.eu\/de\/wp-json\/wp\/v2\/tags?post=5640"},{"taxonomy":"egr_territories_categories","embeddable":true,"href":"https:\/\/eures-granderegion.eu\/de\/wp-json\/wp\/v2\/territories_categories?post=5640"}],"curies":[{"name":"wp","href":"https:\/\/api.w.org\/{rel}","templated":true}]}}